{"id":15861,"date":"2006-04-03T14:44:00","date_gmt":"2006-04-03T14:44:00","guid":{"rendered":"http:\/\/localhost:81\/wp1\/?p=15861"},"modified":"2006-04-03T14:44:00","modified_gmt":"2006-04-03T14:44:00","slug":"alunos-inspiram-se-nos-mestres","status":"publish","type":"post","link":"https:\/\/sites.ecclesia.pt\/cv\/alunos-inspiram-se-nos-mestres\/","title":{"rendered":"Alunos inspiram-se nos mestres"},"content":{"rendered":"<p>Obras dos pequenos artistas expostas na Casa da Cultura <!--more--> Alunos da Escola Jo\u00e3o Afonso, do 5\u00ba ano, inspiraram-se nas obras de Vasco Branco e J\u00falio Resende e produziram outras de grande qualidade. Na opini\u00e3o de Jeremias Bandarra, conhecido artista aveirense, estes alunos, \u201ccom a idade que t\u00eam, t\u00eam jeito a mais. Talvez alguns deles fiquem com o bichinho das artes pl\u00e1sticas\u201d.<\/p>\n<p>Por iniciativa do AveiroArte, c\u00edrculo experimental dos artistas de Aveiro, e com a orienta\u00e7\u00e3o das professoras de Educa\u00e7\u00e3o Visual e Tecnol\u00f3gica, os alunos da turma A da Escola B\u00e1sica 2,3 Jo\u00e3o Afonso realizaram trabalhos na sala de aulas e visitaram a obra dos mestres, na exposi\u00e7\u00e3o \u201cEncontros\u201d, onde foram acolhidos por Jeremias Bandarra, que explicou em linguagem acess\u00edvel as t\u00e9cnicas art\u00edsticas dos referidos autores.<\/p>\n<p>Os trabalhos elaborados pelos alunos est\u00e3o agora expostos numa sala da Casa Municipal da Cultura, at\u00e9 11 de Junho. As obras de J\u00falio Resende e Vasco Branco, dois artistas muito ligados a Aveiro, podem ser admiradas, at\u00e9 5 de Junho, na Galeria Morgados da Pedricosa e na Galeria dos Pa\u00e7os do Concelho.<\/p>\n<p>No s\u00e1bado, numa sess\u00e3o na Casa Municipal da Cultura, com Artur Fino, Lu\u00eds Serrano M\u00e1rio Ferreira da Silva e Pedro Calheiros, foi real\u00e7ada a faceta pluridisciplinar de Vasco Branco, que ao longo de d\u00e9cadas de carreira art\u00edstica pintou, filmou e escreveu. O artista aveirense agradeceu as palavras sobre a sua obra com humildade: \u201c[As palavras] s\u00e3o de tal modo exageradas, que me calo logo \u00e0 partida\u201d. J\u00falio Resende, por motivos de sa\u00fade, n\u00e3o pode estar presente nesta \u201cconversa\u201d.<\/p>\n","protected":false},"excerpt":{"rendered":"<p>Obras dos pequenos artistas expostas na Casa da Cultura<\/p>\n","protected":false},"author":1,"featured_media":0,"comment_status":"open","ping_status":"open","sticky":false,"template":"","format":"standard","meta":{"footnotes":""},"categories":[61],"tags":[],"class_list":["post-15861","post","type-post","status-publish","format-standard","hentry","category-actualidade"],"_links":{"self":[{"href":"https:\/\/sites.ecclesia.pt\/cv\/wp-json\/wp\/v2\/posts\/15861","targetHints":{"allow":["GET"]}}],"collection":[{"href":"https:\/\/sites.ecclesia.pt\/cv\/wp-json\/wp\/v2\/posts"}],"about":[{"href":"https:\/\/sites.ecclesia.pt\/cv\/wp-json\/wp\/v2\/types\/post"}],"author":[{"embeddable":true,"href":"https:\/\/sites.ecclesia.pt\/cv\/wp-json\/wp\/v2\/users\/1"}],"replies":[{"embeddable":true,"href":"https:\/\/sites.ecclesia.pt\/cv\/wp-json\/wp\/v2\/comments?post=15861"}],"version-history":[{"count":0,"href":"https:\/\/sites.ecclesia.pt\/cv\/wp-json\/wp\/v2\/posts\/15861\/revisions"}],"wp:attachment":[{"href":"https:\/\/sites.ecclesia.pt\/cv\/wp-json\/wp\/v2\/media?parent=15861"}],"wp:term":[{"taxonomy":"category","embeddable":true,"href":"https:\/\/sites.ecclesia.pt\/cv\/wp-json\/wp\/v2\/categories?post=15861"},{"taxonomy":"post_tag","embeddable":true,"href":"https:\/\/sites.ecclesia.pt\/cv\/wp-json\/wp\/v2\/tags?post=15861"}],"curies":[{"name":"wp","href":"https:\/\/api.w.org\/{rel}","templated":true}]}}