{"id":15863,"date":"2006-04-03T14:44:00","date_gmt":"2006-04-03T14:44:00","guid":{"rendered":"http:\/\/localhost:81\/wp1\/?p=15863"},"modified":"2006-04-03T14:44:00","modified_gmt":"2006-04-03T14:44:00","slug":"actividades-pastorais-65","status":"publish","type":"post","link":"https:\/\/sites.ecclesia.pt\/cv\/actividades-pastorais-65\/","title":{"rendered":"Actividades Pastorais"},"content":{"rendered":"<p>Na quinta feira, o senhor Bispo celebrou a Confirma\u00e7\u00e3o nas par\u00f3quias de Eirol e de Nossa Senhora de F\u00e1tima e presidiu, de tarde, \u00e0 Festa do Corpo de Deus, em Aveiro.    <\/p>\n<p>Recebeu, na sexta-feira, o provedor da Irmandade de Santa Joana Princesa. <\/p>\n<p>No s\u00e1bado, encontrou-se, no CUFC, com os jovens volunt\u00e1rios que ir\u00e3o para as miss\u00f5es no pr\u00f3ximo ver\u00e3o e reuniu-se, ao fim da manh\u00e3, com os crismandos de Pessegueiro do Vouga. Ao fim da tarde, celebrou a Confirma\u00e7\u00e3o em Recard\u00e3es e, na celebra\u00e7\u00e3o vespertina da par\u00f3quia de Travass\u00f4, presidiu ao Baptismo de um adulto e \u00e0 Confirma\u00e7\u00e3o de um grupo de jovens.<\/p>\n<p>Na manh\u00e3 de Domingo, celebrou a Eucaristia na igreja paroquial e na Quinta do Loureiro, da par\u00f3quia de Cacia. Presidiu, ao in\u00edcio da tarde, \u00e0 Peregrina\u00e7\u00e3o Diocesana dos Doentes ao Santu\u00e1rio de Schoenstatt.<\/p>\n<p>Na segunda-feira, participou, em Vila Real, na reuni\u00e3o dos Bispos da Prov\u00edncia Eclesi\u00e1stica de Braga. \u00c0 noite, na par\u00f3quia de Salreu, presidiu \u00e0 celebra\u00e7\u00e3o da entrega da B\u00edblia aos crist\u00e3os que participaram nas catequeses para uma nova comunidade neo-catecumenal.<\/p>\n<p>Na ter\u00e7a-feira, durante a manh\u00e3, reuniu-se no Semin\u00e1rio com os arciprestes da Diocese, e, de tarde, com o Conselho Episcopal. \u00c0 noite, encontrou-se com os jovens crismandos da Oliveirinha.<\/p>\n<p>Hoje, quarta-feira, recebe o conselho provincial das Irm\u00e3s Doroteias, em vista \u00e0 vinda da Congrega\u00e7\u00e3o para a Diocese.<\/p>\n","protected":false},"excerpt":{"rendered":"<p>Na quinta feira, o senhor Bispo celebrou a Confirma\u00e7\u00e3o nas par\u00f3quias de Eirol e de Nossa Senhora de F\u00e1tima e presidiu, de tarde, \u00e0 Festa do Corpo de Deus, em Aveiro. Recebeu, na sexta-feira, o provedor da Irmandade de Santa Joana Princesa. No s\u00e1bado, encontrou-se, no CUFC, com os jovens volunt\u00e1rios que ir\u00e3o para as [&hellip;]<\/p>\n","protected":false},"author":1,"featured_media":0,"comment_status":"open","ping_status":"open","sticky":false,"template":"","format":"standard","meta":{"footnotes":""},"categories":[70],"tags":[],"class_list":["post-15863","post","type-post","status-publish","format-standard","hentry","category-diocese"],"_links":{"self":[{"href":"https:\/\/sites.ecclesia.pt\/cv\/wp-json\/wp\/v2\/posts\/15863","targetHints":{"allow":["GET"]}}],"collection":[{"href":"https:\/\/sites.ecclesia.pt\/cv\/wp-json\/wp\/v2\/posts"}],"about":[{"href":"https:\/\/sites.ecclesia.pt\/cv\/wp-json\/wp\/v2\/types\/post"}],"author":[{"embeddable":true,"href":"https:\/\/sites.ecclesia.pt\/cv\/wp-json\/wp\/v2\/users\/1"}],"replies":[{"embeddable":true,"href":"https:\/\/sites.ecclesia.pt\/cv\/wp-json\/wp\/v2\/comments?post=15863"}],"version-history":[{"count":0,"href":"https:\/\/sites.ecclesia.pt\/cv\/wp-json\/wp\/v2\/posts\/15863\/revisions"}],"wp:attachment":[{"href":"https:\/\/sites.ecclesia.pt\/cv\/wp-json\/wp\/v2\/media?parent=15863"}],"wp:term":[{"taxonomy":"category","embeddable":true,"href":"https:\/\/sites.ecclesia.pt\/cv\/wp-json\/wp\/v2\/categories?post=15863"},{"taxonomy":"post_tag","embeddable":true,"href":"https:\/\/sites.ecclesia.pt\/cv\/wp-json\/wp\/v2\/tags?post=15863"}],"curies":[{"name":"wp","href":"https:\/\/api.w.org\/{rel}","templated":true}]}}