{"id":15917,"date":"2006-04-03T14:44:00","date_gmt":"2006-04-03T14:44:00","guid":{"rendered":"http:\/\/localhost:81\/wp1\/?p=15917"},"modified":"2006-04-03T14:44:00","modified_gmt":"2006-04-03T14:44:00","slug":"bispos-portugueses-e-espanhois-pedem-defesa-da-vida","status":"publish","type":"post","link":"https:\/\/sites.ecclesia.pt\/cv\/bispos-portugueses-e-espanhois-pedem-defesa-da-vida\/","title":{"rendered":"Bispos portugueses e espanh\u00f3is pedem &#8220;defesa da vida&#8221;"},"content":{"rendered":"<p>Os episcopados da Pen\u00ednsula Ib\u00e9rica revelaram a sua preocupa\u00e7\u00e3o em rela\u00e7\u00e3o ao actual tratamento dado a quest\u00f5es como o aborto e a reprodu\u00e7\u00e3o medicamente assistida, assinalando que ir\u00e3o defender \u201ca aut\u00eantica cultura da vida\u201d. Os presidentes e secret\u00e1rios das Confer\u00eancias Episcopais de Portugal e Espanha (CEP e CEE) estiveram reunidos nos dias 13 e 14 de Janeiro, em Madrid, para \u201ctrocar experi\u00eancias e pontos de vista\u201d.<\/p>\n<p>O comunicado final refere que \u201cos presidentes da CEE e da CEP trocaram informa\u00e7\u00f5es sobre as situa\u00e7\u00f5es legais que se vivem a respeito de quest\u00f5es de bio\u00e9tica \u2013 particularmente do aborto e das leis sobre reprodu\u00e7\u00e3o assistida \u2013, bem como sobre as ac\u00e7\u00f5es da Igreja para defender e promover a aut\u00eantica cultura da vida\u201d.<\/p>\n<p>Outro dos temas em destaque foi a disciplina de Educa\u00e7\u00e3o Moral e Religiosa Cat\u00f3lica, com os bispos a considerarem que o ensino da religi\u00e3o \u201ctem lugar dentro da escola\u201d. Nessa linha, \u201cambos os episcopados concordam na import\u00e2ncia e nas raz\u00f5es de direito que avalizam a presen\u00e7a do ensino religioso na escola\u201d.<\/p>\n<p>A representa\u00e7\u00e3o portuguesa foi constitu\u00edda por D. Jos\u00e9 Policarpo, Patriarca de Lisboa e presidente da CEP, D. Tomaz Silva Nunes, secret\u00e1rio da CEP, e padre Joaquim Garrido, director do secretariado geral da mesma. O presidente da CEE \u00e9 o cardeal Rouco Varela, arcebispo de Madrid.<\/p>\n<p>Este encontro engloba-se nas reuni\u00f5es peri\u00f3dicas dos episcopados ib\u00e9ricos. As \u00faltimas reuni\u00f5es tiveram lugar em Lisboa, de 19 a 20 de Dezembro de 2001, em Madrid, de 5 a 7 de Fevereiro de 1996, e em Coimbra, de 2 a 4 de Mar\u00e7o de 1994. <\/p>\n<p>Os presidentes das Confer\u00eancias Episcopais concordaram que nos dois pa\u00edses \u201cexistem problemas semelhantes\u201d \u2013 entre os quais os fluxos migrat\u00f3rios, as pol\u00edticas familiares e a constru\u00e7\u00e3o europeia \u2013 e anunciaram que o pr\u00f3ximo encontro ter\u00e1 lugar em Portugal, no ano de 2006.<\/p>\n","protected":false},"excerpt":{"rendered":"<p>Os episcopados da Pen\u00ednsula Ib\u00e9rica revelaram a sua preocupa\u00e7\u00e3o em rela\u00e7\u00e3o ao actual tratamento dado a quest\u00f5es como o aborto e a reprodu\u00e7\u00e3o medicamente assistida, assinalando que ir\u00e3o defender \u201ca aut\u00eantica cultura da vida\u201d. Os presidentes e secret\u00e1rios das Confer\u00eancias Episcopais de Portugal e Espanha (CEP e CEE) estiveram reunidos nos dias 13 e 14 [&hellip;]<\/p>\n","protected":false},"author":1,"featured_media":0,"comment_status":"open","ping_status":"open","sticky":false,"template":"","format":"standard","meta":{"footnotes":""},"categories":[44],"tags":[],"class_list":["post-15917","post","type-post","status-publish","format-standard","hentry","category-igreja"],"_links":{"self":[{"href":"https:\/\/sites.ecclesia.pt\/cv\/wp-json\/wp\/v2\/posts\/15917","targetHints":{"allow":["GET"]}}],"collection":[{"href":"https:\/\/sites.ecclesia.pt\/cv\/wp-json\/wp\/v2\/posts"}],"about":[{"href":"https:\/\/sites.ecclesia.pt\/cv\/wp-json\/wp\/v2\/types\/post"}],"author":[{"embeddable":true,"href":"https:\/\/sites.ecclesia.pt\/cv\/wp-json\/wp\/v2\/users\/1"}],"replies":[{"embeddable":true,"href":"https:\/\/sites.ecclesia.pt\/cv\/wp-json\/wp\/v2\/comments?post=15917"}],"version-history":[{"count":0,"href":"https:\/\/sites.ecclesia.pt\/cv\/wp-json\/wp\/v2\/posts\/15917\/revisions"}],"wp:attachment":[{"href":"https:\/\/sites.ecclesia.pt\/cv\/wp-json\/wp\/v2\/media?parent=15917"}],"wp:term":[{"taxonomy":"category","embeddable":true,"href":"https:\/\/sites.ecclesia.pt\/cv\/wp-json\/wp\/v2\/categories?post=15917"},{"taxonomy":"post_tag","embeddable":true,"href":"https:\/\/sites.ecclesia.pt\/cv\/wp-json\/wp\/v2\/tags?post=15917"}],"curies":[{"name":"wp","href":"https:\/\/api.w.org\/{rel}","templated":true}]}}