{"id":16,"date":"2006-04-03T14:44:00","date_gmt":"2006-04-03T14:44:00","guid":{"rendered":"http:\/\/localhost:81\/wp1\/?p=16"},"modified":"2006-04-03T14:44:00","modified_gmt":"2006-04-03T14:44:00","slug":"psp-actua-em-todo-o-distrito","status":"publish","type":"post","link":"https:\/\/sites.ecclesia.pt\/cv\/psp-actua-em-todo-o-distrito\/","title":{"rendered":"PSP actua em todo o Distrito"},"content":{"rendered":"<p>Na busca do crime <!--more--> Porventura numa sintoniza\u00e7\u00e3o desej\u00e1vel para  certo g\u00e9nero de crimes, a PSP, atrav\u00e9s do comando de Aveiro, numa estreita colabora\u00e7\u00e3o com GNR e outras entidades policiais, designadamente Judici\u00e1ria, tem feito algumas  \u201crusgas\u201d em v\u00e1rios pontos do Distrito. A mais recente foi na Gafanha, desfazendo alguns pontos negros ligados \u00e0 droga.<\/p>\n<p>Agora foi em Vale de Cambra detectando um verdadeiro arsenal de armas, uma actividade clandestina.<\/p>\n<p>Com efeito, depois de uma den\u00fancia an\u00f3nima, a PSP e a GNR de Vale de Cambra procederam ao desmantelamento de uma armaz\u00e9m de muni\u00e7\u00f5es e oficina ilegal de repara\u00e7\u00e3o de armas, numa zona habitacional de Macieira de Cambra.<\/p>\n<p>Segundo o Comandante Distrital da PSP, Francisco Bagina, foi constado que a propriet\u00e1ria n\u00e3o tinha alvar\u00e1 para aquela actividade. Na ac\u00e7\u00e3o detectaram meio milh\u00e3o de cartuchos de ca\u00e7a e  armas de v\u00e1rios modelos, sete pistolas de alarme e muni\u00e7\u00f5es.<\/p>\n","protected":false},"excerpt":{"rendered":"<p>Na busca do crime<\/p>\n","protected":false},"author":1,"featured_media":0,"comment_status":"open","ping_status":"open","sticky":false,"template":"","format":"standard","meta":{"footnotes":""},"categories":[64],"tags":[],"class_list":["post-16","post","type-post","status-publish","format-standard","hentry","category-geral"],"_links":{"self":[{"href":"https:\/\/sites.ecclesia.pt\/cv\/wp-json\/wp\/v2\/posts\/16","targetHints":{"allow":["GET"]}}],"collection":[{"href":"https:\/\/sites.ecclesia.pt\/cv\/wp-json\/wp\/v2\/posts"}],"about":[{"href":"https:\/\/sites.ecclesia.pt\/cv\/wp-json\/wp\/v2\/types\/post"}],"author":[{"embeddable":true,"href":"https:\/\/sites.ecclesia.pt\/cv\/wp-json\/wp\/v2\/users\/1"}],"replies":[{"embeddable":true,"href":"https:\/\/sites.ecclesia.pt\/cv\/wp-json\/wp\/v2\/comments?post=16"}],"version-history":[{"count":0,"href":"https:\/\/sites.ecclesia.pt\/cv\/wp-json\/wp\/v2\/posts\/16\/revisions"}],"wp:attachment":[{"href":"https:\/\/sites.ecclesia.pt\/cv\/wp-json\/wp\/v2\/media?parent=16"}],"wp:term":[{"taxonomy":"category","embeddable":true,"href":"https:\/\/sites.ecclesia.pt\/cv\/wp-json\/wp\/v2\/categories?post=16"},{"taxonomy":"post_tag","embeddable":true,"href":"https:\/\/sites.ecclesia.pt\/cv\/wp-json\/wp\/v2\/tags?post=16"}],"curies":[{"name":"wp","href":"https:\/\/api.w.org\/{rel}","templated":true}]}}