{"id":16011,"date":"2006-04-03T14:44:00","date_gmt":"2006-04-03T14:44:00","guid":{"rendered":"http:\/\/localhost:81\/wp1\/?p=16011"},"modified":"2006-04-03T14:44:00","modified_gmt":"2006-04-03T14:44:00","slug":"conservacao-da-natureza-e-educacao-ambiental","status":"publish","type":"post","link":"https:\/\/sites.ecclesia.pt\/cv\/conservacao-da-natureza-e-educacao-ambiental\/","title":{"rendered":"Conserva\u00e7\u00e3o da Natureza e educa\u00e7\u00e3o ambiental"},"content":{"rendered":"<p>Este ano decorrem no distrito de Aveiro, <\/p>\n<p>concretamente em Santa Maria da Feira<\/p>\n<p>A quinta edi\u00e7\u00e3o das Jornadas sobre Conserva\u00e7\u00e3o da Natureza, este ano sob o tema \u201cConserva\u00e7\u00e3o da natureza e educa\u00e7\u00e3o ambiental\u201d, promovidas pelo FAPAS \u2013 Fundo para a Protec\u00e7\u00e3o dos Animais Selvagens, vai decorrer no distrito de Aveiro (Santa Maria da Feira), nos dias 12 e 13 de Mar\u00e7o.<\/p>\n<p>Para estas jornadas foram convidadas todas as escolas EB 2.3 e secund\u00e1rias do distrito de Aveiro, bem como agrupamentos de escuteiros, associa\u00e7\u00f5es ligadas ao ambiente, autarquias e estabelecimentos de ensino superior.<\/p>\n<p>O p\u00fablico alvo do evento s\u00e3o t\u00e9cnicos e gestores de ambiente, t\u00e9cnicos de educa\u00e7\u00e3o ambiental, professores e educadores, investigadores em ci\u00eancias de ambiente, t\u00e9cnicos de patrim\u00f3nio e turismo, autarcas, coordenadores de clubes da cegonha branca, clubes da floresta, associa\u00e7\u00f5es ambientalistas e estudantes.<\/p>\n<p>No primeiro dia, ser\u00e3o apresentadas as palestras \u201cEduca\u00e7\u00e3o ambiental, um desafio para 2004\u201d, \u201cS\u00edtios de interesse geol\u00f3gico e paleontol\u00f3gico \u2013 contributo para a educa\u00e7\u00e3o ambiental\u201d, \u201cSons da natureza\u201d, \u201cEducar para proteger os morcegos\u201d, \u201cEstrat\u00e9gias para a gest\u00e3o do ar\u201d, \u201cConserva\u00e7\u00e3o de aves estep\u00e1rias\u201d e \u201cTr\u00e1fico de animais: legisla\u00e7\u00e3o e casos concretos\u201d. As palestras previstas para s\u00e1bado s\u00e3o: \u201cConserva\u00e7\u00e3o do patrim\u00f3nio arb\u00f3reo de Santa Maria da Feira \u2013 Mata das Guimbras\u201d, \u201cFauna ib\u00e9rica\u201d, \u201cA dimens\u00e3o sociol\u00f3gica e humana na conserva\u00e7\u00e3o da natureza em Portugal\u201d, \u201cTransportes rodovi\u00e1rios e altera\u00e7\u00f5es clim\u00e1ticas\u201d e \u201cGastronomia e conserva\u00e7\u00e3o da natureza\u201d. Os oradores s\u00e3o oriundos de institui\u00e7\u00f5es como a Universidade de Aveiro, Instituto do Ambiente, Museu de Hist\u00f3ria Natural da Universidade de Lisboa, Instituto Superior da Educa\u00e7\u00e3o, Instituto da Conserva\u00e7\u00e3o da Natureza, Universidade do Porto, Instituto de Ci\u00eancias Sociais, Confraria da Broa de Avintes, Revista Focus, C\u00e2mara Municipal de Santa Maria da Feira e FAPAS.<\/p>\n","protected":false},"excerpt":{"rendered":"<p>Este ano decorrem no distrito de Aveiro, concretamente em Santa Maria da Feira A quinta edi\u00e7\u00e3o das Jornadas sobre Conserva\u00e7\u00e3o da Natureza, este ano sob o tema \u201cConserva\u00e7\u00e3o da natureza e educa\u00e7\u00e3o ambiental\u201d, promovidas pelo FAPAS \u2013 Fundo para a Protec\u00e7\u00e3o dos Animais Selvagens, vai decorrer no distrito de Aveiro (Santa Maria da Feira), nos [&hellip;]<\/p>\n","protected":false},"author":1,"featured_media":0,"comment_status":"open","ping_status":"open","sticky":false,"template":"","format":"standard","meta":{"footnotes":""},"categories":[64],"tags":[],"class_list":["post-16011","post","type-post","status-publish","format-standard","hentry","category-geral"],"_links":{"self":[{"href":"https:\/\/sites.ecclesia.pt\/cv\/wp-json\/wp\/v2\/posts\/16011","targetHints":{"allow":["GET"]}}],"collection":[{"href":"https:\/\/sites.ecclesia.pt\/cv\/wp-json\/wp\/v2\/posts"}],"about":[{"href":"https:\/\/sites.ecclesia.pt\/cv\/wp-json\/wp\/v2\/types\/post"}],"author":[{"embeddable":true,"href":"https:\/\/sites.ecclesia.pt\/cv\/wp-json\/wp\/v2\/users\/1"}],"replies":[{"embeddable":true,"href":"https:\/\/sites.ecclesia.pt\/cv\/wp-json\/wp\/v2\/comments?post=16011"}],"version-history":[{"count":0,"href":"https:\/\/sites.ecclesia.pt\/cv\/wp-json\/wp\/v2\/posts\/16011\/revisions"}],"wp:attachment":[{"href":"https:\/\/sites.ecclesia.pt\/cv\/wp-json\/wp\/v2\/media?parent=16011"}],"wp:term":[{"taxonomy":"category","embeddable":true,"href":"https:\/\/sites.ecclesia.pt\/cv\/wp-json\/wp\/v2\/categories?post=16011"},{"taxonomy":"post_tag","embeddable":true,"href":"https:\/\/sites.ecclesia.pt\/cv\/wp-json\/wp\/v2\/tags?post=16011"}],"curies":[{"name":"wp","href":"https:\/\/api.w.org\/{rel}","templated":true}]}}