{"id":16012,"date":"2006-04-03T14:44:00","date_gmt":"2006-04-03T14:44:00","guid":{"rendered":"http:\/\/localhost:81\/wp1\/?p=16012"},"modified":"2006-04-03T14:44:00","modified_gmt":"2006-04-03T14:44:00","slug":"em-caminhada-sinodal","status":"publish","type":"post","link":"https:\/\/sites.ecclesia.pt\/cv\/em-caminhada-sinodal\/","title":{"rendered":"Em Caminhada Sinodal"},"content":{"rendered":"<p>em destaque <!--more--> O 1\u00ba Plen\u00e1rio da Caminhada Sinodal sobre os jovens foi j\u00e1 h\u00e1 um m\u00eas (10 de Janeiro) e todas as nossas aten\u00e7\u00f5es est\u00e3o na prepara\u00e7\u00e3o do pr\u00f3ximo plen\u00e1rio (03 de Abril), que se quer mais participado, quer no n\u00famero de par\u00f3quias representadas, quer na reflex\u00e3o efectiva sobre os nossos jovens.<\/p>\n<p>Neste sentido, decorreu mais uma reuni\u00e3o da Equipa de Anima\u00e7\u00e3o, a 3 de Fevereiro, onde foram apresentadas as respostas ao 1\u00ba Documento de Reflex\u00e3o, enviadas at\u00e9 28 de Janeiro, pelos diversos grupos. Recordemos algumas dessas interroga\u00e7\u00f5es: \u201cQue desafios e problemas futuros para os jovens?\u201d; \u201cOnde est\u00e3o os nossos jovens e onde passam o seu tempo?\u201d; \u201cO que mais preocupa os jovens?\u201d; \u201cQue lugar poder\u00e3o ter os compromissos de teor religioso na vida dos jovens?\u201d.<\/p>\n<p>As respostas ser\u00e3o apreciadas pelo Conselho da Caminhada, na pr\u00f3xima reuni\u00e3o, dia 13 de Fevereiro, donde se far\u00e1 emergir uma maqueta de conte\u00fados que constar\u00e3o no 2\u00ba Documento de Reflex\u00e3o.<\/p>\n<p>Desta feita, visando uma calendariza\u00e7\u00e3o mais atempada, na carta a convocar para a pr\u00f3xima Assembleia de Animadores (6 de Mar\u00e7o) constar\u00e3o j\u00e1 as datas para a reflex\u00e3o e entrega das respostas ao pr\u00f3ximo Documento.<\/p>\n<p>O trabalho de ir pessoalmente aos grupos est\u00e1 a ser feito, no intuito de explicar a Caminhada e incentivar a reflex\u00e3o, estando a ser preparadas outras estrat\u00e9gias para envolvimento do maior n\u00famero poss\u00edvel de grupos, que oportunamente ser\u00e3o anunciadas.<\/p>\n<p>A Caminhada em torno da reflex\u00e3o sobre os jovens est\u00e1 a ser feita, pois \u201ca causa dos jovens \u00e9 uma causa de Cristo, da Igreja e da sociedade\u201d, como nos lembra o nosso Bispo, D. Ant\u00f3nio Marcelino, no boletim de Informa\u00e7\u00e3o Pastoral (Janeiro \/2004).<\/p>\n","protected":false},"excerpt":{"rendered":"<p>em destaque<\/p>\n","protected":false},"author":1,"featured_media":0,"comment_status":"open","ping_status":"open","sticky":false,"template":"","format":"standard","meta":{"footnotes":""},"categories":[65],"tags":[],"class_list":["post-16012","post","type-post","status-publish","format-standard","hentry","category-linhas-directas"],"_links":{"self":[{"href":"https:\/\/sites.ecclesia.pt\/cv\/wp-json\/wp\/v2\/posts\/16012","targetHints":{"allow":["GET"]}}],"collection":[{"href":"https:\/\/sites.ecclesia.pt\/cv\/wp-json\/wp\/v2\/posts"}],"about":[{"href":"https:\/\/sites.ecclesia.pt\/cv\/wp-json\/wp\/v2\/types\/post"}],"author":[{"embeddable":true,"href":"https:\/\/sites.ecclesia.pt\/cv\/wp-json\/wp\/v2\/users\/1"}],"replies":[{"embeddable":true,"href":"https:\/\/sites.ecclesia.pt\/cv\/wp-json\/wp\/v2\/comments?post=16012"}],"version-history":[{"count":0,"href":"https:\/\/sites.ecclesia.pt\/cv\/wp-json\/wp\/v2\/posts\/16012\/revisions"}],"wp:attachment":[{"href":"https:\/\/sites.ecclesia.pt\/cv\/wp-json\/wp\/v2\/media?parent=16012"}],"wp:term":[{"taxonomy":"category","embeddable":true,"href":"https:\/\/sites.ecclesia.pt\/cv\/wp-json\/wp\/v2\/categories?post=16012"},{"taxonomy":"post_tag","embeddable":true,"href":"https:\/\/sites.ecclesia.pt\/cv\/wp-json\/wp\/v2\/tags?post=16012"}],"curies":[{"name":"wp","href":"https:\/\/api.w.org\/{rel}","templated":true}]}}