{"id":16014,"date":"2006-04-03T14:44:00","date_gmt":"2006-04-03T14:44:00","guid":{"rendered":"http:\/\/localhost:81\/wp1\/?p=16014"},"modified":"2006-04-03T14:44:00","modified_gmt":"2006-04-03T14:44:00","slug":"para-ler","status":"publish","type":"post","link":"https:\/\/sites.ecclesia.pt\/cv\/para-ler\/","title":{"rendered":"Para ler&#8230;"},"content":{"rendered":"<p>A missa (ou celebra\u00e7\u00e3o eucar\u00edstica) re\u00fane todos os domingos, em v\u00e1rios locais de culto e at\u00e9 diante da televis\u00e3o, muitos milh\u00f5es de fi\u00e9is em todo o mundo. Nem todos v\u00e3o pelos mesmos motivos: uns v\u00e3o por rotina, porque foi sempre assim, porque os pais tamb\u00e9m iam. Outros por f\u00e9 e verdadeira convic\u00e7\u00e3o. Porque sabem dar o devido valor \u00e0 participa\u00e7\u00e3o na assembleia dominical onde se celebra o mist\u00e9rio crist\u00e3o por excel\u00eancia \u2014 a eucaristia. Sem ofensa para ningu\u00e9m podemos crer que nem sempre e nem todos atingem o significado de cada gesto, de cada palavra ou ora\u00e7\u00e3o em que devem ser intervenientes e n\u00e3o meros espectadores. Para isso o Cardeal de Paris escreveu este livro onde poderemos encontrar a explica\u00e7\u00e3o e o significado de muitas ac\u00e7\u00f5es lit\u00fargicas cujo sentido nos esteja a passar despercebido.<\/p>\n<p>Autor: Cardeal Jean-Marie Lustiger<\/p>\n<p>176 p\u00e1g. \u2014 Pre\u00e7o: 15.00 euros<\/p>\n<p>Editorial A.O. \u2014 Braga<\/p>\n","protected":false},"excerpt":{"rendered":"<p>A missa (ou celebra\u00e7\u00e3o eucar\u00edstica) re\u00fane todos os domingos, em v\u00e1rios locais de culto e at\u00e9 diante da televis\u00e3o, muitos milh\u00f5es de fi\u00e9is em todo o mundo. Nem todos v\u00e3o pelos mesmos motivos: uns v\u00e3o por rotina, porque foi sempre assim, porque os pais tamb\u00e9m iam. Outros por f\u00e9 e verdadeira convic\u00e7\u00e3o. Porque sabem dar [&hellip;]<\/p>\n","protected":false},"author":1,"featured_media":0,"comment_status":"open","ping_status":"open","sticky":false,"template":"","format":"standard","meta":{"footnotes":""},"categories":[65],"tags":[],"class_list":["post-16014","post","type-post","status-publish","format-standard","hentry","category-linhas-directas"],"_links":{"self":[{"href":"https:\/\/sites.ecclesia.pt\/cv\/wp-json\/wp\/v2\/posts\/16014","targetHints":{"allow":["GET"]}}],"collection":[{"href":"https:\/\/sites.ecclesia.pt\/cv\/wp-json\/wp\/v2\/posts"}],"about":[{"href":"https:\/\/sites.ecclesia.pt\/cv\/wp-json\/wp\/v2\/types\/post"}],"author":[{"embeddable":true,"href":"https:\/\/sites.ecclesia.pt\/cv\/wp-json\/wp\/v2\/users\/1"}],"replies":[{"embeddable":true,"href":"https:\/\/sites.ecclesia.pt\/cv\/wp-json\/wp\/v2\/comments?post=16014"}],"version-history":[{"count":0,"href":"https:\/\/sites.ecclesia.pt\/cv\/wp-json\/wp\/v2\/posts\/16014\/revisions"}],"wp:attachment":[{"href":"https:\/\/sites.ecclesia.pt\/cv\/wp-json\/wp\/v2\/media?parent=16014"}],"wp:term":[{"taxonomy":"category","embeddable":true,"href":"https:\/\/sites.ecclesia.pt\/cv\/wp-json\/wp\/v2\/categories?post=16014"},{"taxonomy":"post_tag","embeddable":true,"href":"https:\/\/sites.ecclesia.pt\/cv\/wp-json\/wp\/v2\/tags?post=16014"}],"curies":[{"name":"wp","href":"https:\/\/api.w.org\/{rel}","templated":true}]}}