{"id":16058,"date":"2006-04-03T14:44:00","date_gmt":"2006-04-03T14:44:00","guid":{"rendered":"http:\/\/localhost:81\/wp1\/?p=16058"},"modified":"2006-04-03T14:44:00","modified_gmt":"2006-04-03T14:44:00","slug":"peregrinacao-nacional-do-cpm-a-fatima","status":"publish","type":"post","link":"https:\/\/sites.ecclesia.pt\/cv\/peregrinacao-nacional-do-cpm-a-fatima\/","title":{"rendered":"Peregrina\u00e7\u00e3o Nacional do CPM a F\u00e1tima"},"content":{"rendered":"<p>Em 6 e 7 de Mar\u00e7o <!--more--> Est\u00e3o a decorrer, junto dos Casais Presidentes Diocesanos, as inscri\u00e7\u00f5es para o grande Encontro-Peregrina\u00e7\u00e3o Nacional da Associa\u00e7\u00e3o Portuguesa dos Centros de Prepara\u00e7\u00e3o para o Matrim\u00f3nio (CPM \u2013 PORTUGAL), que ter\u00e1 lugar em F\u00e1tima, nos dias 6 e 7 de Mar\u00e7o, e que \u00e9 organizado pela Equipa Respons\u00e1vel Nacional, em colabora\u00e7\u00e3o com as Dioceses de Aveiro e de Vila Real.<\/p>\n<p>O tema da forma\u00e7\u00e3o, \u201cA fidelidade nas diferen\u00e7as\u201d, a apresentar pelo dr. Ant\u00f3nio Oliveira Antunes e pelo padre Jos\u00e9 Manuel Marques Pereira, n\u00e3o deixar\u00e1 de suscitar o di\u00e1logo entre os oradores e os participantes. Haver\u00e1 depois testemunhos de alguns casais e uma evoca\u00e7\u00e3o \u00e0 fidelidade \u00e0s origens do CPM, tendo presente o 25\u00ba anivers\u00e1rio do falecimento do padre Alphonse d\u2019Heilly, fundador daquela estrutura eclesial de prepara\u00e7\u00e3o de noivos para o matrim\u00f3nio.<\/p>\n<p>Jovens participantes ser\u00e3o convidados a um trabalho pr\u00f3prio, de reflex\u00e3o, em ordem \u00e0 descoberta e valoriza\u00e7\u00e3o das diferen\u00e7as, de modo a crescerem equilibradamente, em termos ps\u00edquicos e afectivos.<\/p>\n<p>Os trabalhos ser\u00e3o enriquecidos pela partilha aberta entre todos, no sentido duma percep\u00e7\u00e3o das realidades hu-manas, conjugais e familiares, em ordem a uma viv\u00eancia mais solid\u00e1ria e mais compro-metida, nos aspectos humano, crist\u00e3o, social e eclesial.<\/p>\n<p>A Coordenadora Nacional da Fam\u00edlia, dra. Margarida Neto, dirigir\u00e1 algumas palavras aos participantes, no contexto da ocorr\u00eancia da celebra\u00e7\u00e3o do 10\u00ba anivers\u00e1rio do Ano Internacional da Fam\u00edlia.<\/p>\n","protected":false},"excerpt":{"rendered":"<p>Em 6 e 7 de Mar\u00e7o<\/p>\n","protected":false},"author":1,"featured_media":0,"comment_status":"open","ping_status":"open","sticky":false,"template":"","format":"standard","meta":{"footnotes":""},"categories":[64],"tags":[],"class_list":["post-16058","post","type-post","status-publish","format-standard","hentry","category-geral"],"_links":{"self":[{"href":"https:\/\/sites.ecclesia.pt\/cv\/wp-json\/wp\/v2\/posts\/16058","targetHints":{"allow":["GET"]}}],"collection":[{"href":"https:\/\/sites.ecclesia.pt\/cv\/wp-json\/wp\/v2\/posts"}],"about":[{"href":"https:\/\/sites.ecclesia.pt\/cv\/wp-json\/wp\/v2\/types\/post"}],"author":[{"embeddable":true,"href":"https:\/\/sites.ecclesia.pt\/cv\/wp-json\/wp\/v2\/users\/1"}],"replies":[{"embeddable":true,"href":"https:\/\/sites.ecclesia.pt\/cv\/wp-json\/wp\/v2\/comments?post=16058"}],"version-history":[{"count":0,"href":"https:\/\/sites.ecclesia.pt\/cv\/wp-json\/wp\/v2\/posts\/16058\/revisions"}],"wp:attachment":[{"href":"https:\/\/sites.ecclesia.pt\/cv\/wp-json\/wp\/v2\/media?parent=16058"}],"wp:term":[{"taxonomy":"category","embeddable":true,"href":"https:\/\/sites.ecclesia.pt\/cv\/wp-json\/wp\/v2\/categories?post=16058"},{"taxonomy":"post_tag","embeddable":true,"href":"https:\/\/sites.ecclesia.pt\/cv\/wp-json\/wp\/v2\/tags?post=16058"}],"curies":[{"name":"wp","href":"https:\/\/api.w.org\/{rel}","templated":true}]}}