{"id":16059,"date":"2006-04-03T14:44:00","date_gmt":"2006-04-03T14:44:00","guid":{"rendered":"http:\/\/localhost:81\/wp1\/?p=16059"},"modified":"2006-04-03T14:44:00","modified_gmt":"2006-04-03T14:44:00","slug":"expo-florestal-em-albergaria-a-velha","status":"publish","type":"post","link":"https:\/\/sites.ecclesia.pt\/cv\/expo-florestal-em-albergaria-a-velha\/","title":{"rendered":"Expo-florestal em Albergaria-a-Velha"},"content":{"rendered":"<p>De 19 a 21 de Mar\u00e7o <!--more--> O Dia Mundial da Floresta ser\u00e1 mais vocacionado<\/p>\n<p>para a componente l\u00fadica e cultural<\/p>\n<p>A terceira edi\u00e7\u00e3o da Expo-florestal ir\u00e1 decorrer na zona industrial de Albergaria-a-Velha, de 19 a 21 de Mar\u00e7o, prevendo-se que estejam presentes cerca de duas centenas de expositores e mais de quinze mil visitantes.<\/p>\n<p>Este evento \u00e9 uma organiza\u00e7\u00e3o conjunta da Associa\u00e7\u00e3o Florestal do Baixo Vouga,  da ANEFA &#8211; Associa\u00e7\u00e3o Nacional de Empresas Florestais, Agr\u00edcolas e do Ambiente, da C\u00e2mara Municipal de Albergaria-a-Velha e dos Bombeiros Volunt\u00e1rios de Albergaria-a-Velha.<\/p>\n<p>O certame aposta em tr\u00eas grandes \u00e1reas tem\u00e1ticas: sensibilizar as crian\u00e7as e jovens para a protec\u00e7\u00e3o da floresta, informar a sociedade para a urgente necessidade de se preservar o meio ambiente, mostrar aos produtores florestais as novas tecnologias relacionadas com essa actividade.<\/p>\n<p>A par desta feira, que, apesar de recente, \u00e9 j\u00e1 considera como a mais importante do sector que se realiza em Portugal, ir\u00e1 decorrer a Semana Florestal, com  algumas palestras, para al\u00e9m de um vasto programa de actividades e de anima\u00e7\u00e3o.<\/p>\n<p>No dia 19, haver\u00e1 o encontro distrital de clubes da floresta do distrito de Aveiro, pelo que s\u00e3o esperadas cerca de dez mil crian\u00e7as e jovens, oriundas das escolas da regi\u00e3o, para participarem nas comemora\u00e7\u00f5es do Dia Mundial da Floresta. No s\u00e1bado, ter\u00e3o lugar tr\u00eas palestras, duas delas no recinto da feira e uma na Cine-Teatro Alba. O dia 21 ser\u00e1 essencialmente vocacionado para as actividades de cariz l\u00fadico e cultural.<\/p>\n","protected":false},"excerpt":{"rendered":"<p>De 19 a 21 de Mar\u00e7o<\/p>\n","protected":false},"author":1,"featured_media":0,"comment_status":"open","ping_status":"open","sticky":false,"template":"","format":"standard","meta":{"footnotes":""},"categories":[45],"tags":[],"class_list":["post-16059","post","type-post","status-publish","format-standard","hentry","category-regioes"],"_links":{"self":[{"href":"https:\/\/sites.ecclesia.pt\/cv\/wp-json\/wp\/v2\/posts\/16059","targetHints":{"allow":["GET"]}}],"collection":[{"href":"https:\/\/sites.ecclesia.pt\/cv\/wp-json\/wp\/v2\/posts"}],"about":[{"href":"https:\/\/sites.ecclesia.pt\/cv\/wp-json\/wp\/v2\/types\/post"}],"author":[{"embeddable":true,"href":"https:\/\/sites.ecclesia.pt\/cv\/wp-json\/wp\/v2\/users\/1"}],"replies":[{"embeddable":true,"href":"https:\/\/sites.ecclesia.pt\/cv\/wp-json\/wp\/v2\/comments?post=16059"}],"version-history":[{"count":0,"href":"https:\/\/sites.ecclesia.pt\/cv\/wp-json\/wp\/v2\/posts\/16059\/revisions"}],"wp:attachment":[{"href":"https:\/\/sites.ecclesia.pt\/cv\/wp-json\/wp\/v2\/media?parent=16059"}],"wp:term":[{"taxonomy":"category","embeddable":true,"href":"https:\/\/sites.ecclesia.pt\/cv\/wp-json\/wp\/v2\/categories?post=16059"},{"taxonomy":"post_tag","embeddable":true,"href":"https:\/\/sites.ecclesia.pt\/cv\/wp-json\/wp\/v2\/tags?post=16059"}],"curies":[{"name":"wp","href":"https:\/\/api.w.org\/{rel}","templated":true}]}}