{"id":16060,"date":"2006-04-03T14:44:00","date_gmt":"2006-04-03T14:44:00","guid":{"rendered":"http:\/\/localhost:81\/wp1\/?p=16060"},"modified":"2006-04-03T14:44:00","modified_gmt":"2006-04-03T14:44:00","slug":"acesso-ao-hospital-em-concurso-publico","status":"publish","type":"post","link":"https:\/\/sites.ecclesia.pt\/cv\/acesso-ao-hospital-em-concurso-publico\/","title":{"rendered":"Acesso ao hospital em concurso p\u00fablico"},"content":{"rendered":"<p>Estarreja <!--more--> A C\u00e2mara de Estarreja  lan\u00e7ou a  concurso p\u00fablico a constru\u00e7\u00e3o da variante da rotunda do Hospital Visconde de Salreu, na freguesia do mesmo nome, sendo o pre\u00e7o-base da empreitada de 590 mil euros, sem IVA.<\/p>\n<p>O projecto estabelece a cria\u00e7\u00e3o de uma variante ao Hospital, na Estrada Nacional 109, que contempla a rotunda de acesso \u00e0 unidade hospitalar. O tro\u00e7o vai ser remodelado numa extens\u00e3o global de 685 metros, desde a Ponte do Rio Antu\u00e3 at\u00e9 ao cruzamento com a Rua da Ladeira. <\/p>\n<p>\u00a0O avan\u00e7o da obra no terreno vai eliminar, de uma vez por todas, um ponto problem\u00e1tico ao n\u00edvel da seguran\u00e7a rodovi\u00e1ria, e corresponde a uma antiga aspira\u00e7\u00e3o da popula\u00e7\u00e3o de Salreu e de todo o concelho. Esta interven\u00e7\u00e3o tamb\u00e9m requalificar\u00e1 a entrada sul da sede do concelho.    <\/p>\n","protected":false},"excerpt":{"rendered":"<p>Estarreja<\/p>\n","protected":false},"author":1,"featured_media":0,"comment_status":"open","ping_status":"open","sticky":false,"template":"","format":"standard","meta":{"footnotes":""},"categories":[45],"tags":[],"class_list":["post-16060","post","type-post","status-publish","format-standard","hentry","category-regioes"],"_links":{"self":[{"href":"https:\/\/sites.ecclesia.pt\/cv\/wp-json\/wp\/v2\/posts\/16060","targetHints":{"allow":["GET"]}}],"collection":[{"href":"https:\/\/sites.ecclesia.pt\/cv\/wp-json\/wp\/v2\/posts"}],"about":[{"href":"https:\/\/sites.ecclesia.pt\/cv\/wp-json\/wp\/v2\/types\/post"}],"author":[{"embeddable":true,"href":"https:\/\/sites.ecclesia.pt\/cv\/wp-json\/wp\/v2\/users\/1"}],"replies":[{"embeddable":true,"href":"https:\/\/sites.ecclesia.pt\/cv\/wp-json\/wp\/v2\/comments?post=16060"}],"version-history":[{"count":0,"href":"https:\/\/sites.ecclesia.pt\/cv\/wp-json\/wp\/v2\/posts\/16060\/revisions"}],"wp:attachment":[{"href":"https:\/\/sites.ecclesia.pt\/cv\/wp-json\/wp\/v2\/media?parent=16060"}],"wp:term":[{"taxonomy":"category","embeddable":true,"href":"https:\/\/sites.ecclesia.pt\/cv\/wp-json\/wp\/v2\/categories?post=16060"},{"taxonomy":"post_tag","embeddable":true,"href":"https:\/\/sites.ecclesia.pt\/cv\/wp-json\/wp\/v2\/tags?post=16060"}],"curies":[{"name":"wp","href":"https:\/\/api.w.org\/{rel}","templated":true}]}}