{"id":16062,"date":"2006-04-03T14:44:00","date_gmt":"2006-04-03T14:44:00","guid":{"rendered":"http:\/\/localhost:81\/wp1\/?p=16062"},"modified":"2006-04-03T14:44:00","modified_gmt":"2006-04-03T14:44:00","slug":"mensagem-escrita-com-inspiracao","status":"publish","type":"post","link":"https:\/\/sites.ecclesia.pt\/cv\/mensagem-escrita-com-inspiracao\/","title":{"rendered":"&#8220;MENSAGEM &#8211;  Escrita com inspira\u00e7\u00e3o&#8221;"},"content":{"rendered":"<p>\u201cMENSAGEM \u2013 Escrita com imagina\u00e7\u00e3o\u201d \u00e9 um jornal mensal do Centro Social e Paroquial de Recard\u00e3es (CSPR), com direc\u00e7\u00e3o do padre Jo\u00e3o Paulo Sarabando Marques, p\u00e1roco da freguesia. A publica\u00e7\u00e3o apresentou-se em Fevereiro com novo grafismo, a cores, muito bem ilustrado, impresso em papel de excelente qualidade, e quer apostar na difus\u00e3o de textos com imagina\u00e7\u00e3o. De formato A4, pode bem assumir-se como revista que n\u00e3o deixar\u00e1 de merecer a aten\u00e7\u00e3o dos paroquianos, e n\u00e3o s\u00f3. A distribui\u00e7\u00e3o \u00e9 gratuita.<\/p>\n<p>No editorial, o director recorda que este n\u00famero inicia uma segunda s\u00e9rie, ao fim de nove anos de publica\u00e7\u00e3o, como sinal de que est\u00e1 \u201ca alcan\u00e7ar alguma maturidade\u201d, e sublinha que h\u00e1 \u201cconte\u00fados cada vez mais cuidados e rigorosos\u201d. N\u00e3o deixa, tamb\u00e9m, de brindar \u201cpelos sucessos, pelo percurso, pelas conquistas\u201d alcan\u00e7ados.<\/p>\n<p>O \u00f3rg\u00e3o oficial do CSPR prop\u00f5e-se abordar, m\u00eas a m\u00eas, temas sociais e culturais, \u201c\u00e1reas de interven\u00e7\u00e3o privilegiadas\u201d pela institui\u00e7\u00e3o que o suporta, procurando ser livre, isento, objectivo e verdadeiro. Recusa \u201co sensacionalismo\u201d, enquanto \u201cpretende informar com total independ\u00eancia de quaisquer for\u00e7as pol\u00edticas, econ\u00f3micas, culturais e\/ou religiosas\u201d.<\/p>\n<p>Para al\u00e9m da aposta na informa\u00e7\u00e3o, assume ainda os \u201cg\u00e9neros opinativos\u201d, combinando  \u201co rigor e a precis\u00e3o de um jornal com a cor e a eleg\u00e2ncia de uma revista\u201d, ao mesmo tempo que procura \u201cpreservar a identidade local\u201d.<\/p>\n<p>A Chefe de Redac\u00e7\u00e3o \u00e9 Madalena Oliveira, a Fotografia de Hugo Femar, tendo como colaboradores Jos\u00e9 Carreira e Elisabete Marques. A tiragem \u00e9 de 1300 exemplares.<\/p>\n<p>Ao director, padre Jo\u00e3o Paulo Sarabando, e \u00e0 nova equipa de \u201cMENSAGEM \u2013 Escrita com inspira\u00e7\u00e3o\u201d, Correio do Vouga deseja os maiores \u00eaxitos jornal\u00edsticos, a bem dos leitores a que se destina.<\/p>\n","protected":false},"excerpt":{"rendered":"<p>\u201cMENSAGEM \u2013 Escrita com imagina\u00e7\u00e3o\u201d \u00e9 um jornal mensal do Centro Social e Paroquial de Recard\u00e3es (CSPR), com direc\u00e7\u00e3o do padre Jo\u00e3o Paulo Sarabando Marques, p\u00e1roco da freguesia. A publica\u00e7\u00e3o apresentou-se em Fevereiro com novo grafismo, a cores, muito bem ilustrado, impresso em papel de excelente qualidade, e quer apostar na difus\u00e3o de textos com [&hellip;]<\/p>\n","protected":false},"author":1,"featured_media":0,"comment_status":"open","ping_status":"open","sticky":false,"template":"","format":"standard","meta":{"footnotes":""},"categories":[66],"tags":[],"class_list":["post-16062","post","type-post","status-publish","format-standard","hentry","category-cultura"],"_links":{"self":[{"href":"https:\/\/sites.ecclesia.pt\/cv\/wp-json\/wp\/v2\/posts\/16062","targetHints":{"allow":["GET"]}}],"collection":[{"href":"https:\/\/sites.ecclesia.pt\/cv\/wp-json\/wp\/v2\/posts"}],"about":[{"href":"https:\/\/sites.ecclesia.pt\/cv\/wp-json\/wp\/v2\/types\/post"}],"author":[{"embeddable":true,"href":"https:\/\/sites.ecclesia.pt\/cv\/wp-json\/wp\/v2\/users\/1"}],"replies":[{"embeddable":true,"href":"https:\/\/sites.ecclesia.pt\/cv\/wp-json\/wp\/v2\/comments?post=16062"}],"version-history":[{"count":0,"href":"https:\/\/sites.ecclesia.pt\/cv\/wp-json\/wp\/v2\/posts\/16062\/revisions"}],"wp:attachment":[{"href":"https:\/\/sites.ecclesia.pt\/cv\/wp-json\/wp\/v2\/media?parent=16062"}],"wp:term":[{"taxonomy":"category","embeddable":true,"href":"https:\/\/sites.ecclesia.pt\/cv\/wp-json\/wp\/v2\/categories?post=16062"},{"taxonomy":"post_tag","embeddable":true,"href":"https:\/\/sites.ecclesia.pt\/cv\/wp-json\/wp\/v2\/tags?post=16062"}],"curies":[{"name":"wp","href":"https:\/\/api.w.org\/{rel}","templated":true}]}}