{"id":16063,"date":"2006-04-03T14:44:00","date_gmt":"2006-04-03T14:44:00","guid":{"rendered":"http:\/\/localhost:81\/wp1\/?p=16063"},"modified":"2006-04-03T14:44:00","modified_gmt":"2006-04-03T14:44:00","slug":"portugal-representado-pelo-cine-clube-de-avanca","status":"publish","type":"post","link":"https:\/\/sites.ecclesia.pt\/cv\/portugal-representado-pelo-cine-clube-de-avanca\/","title":{"rendered":"Portugal representado pelo Cine-Clube de Avanca"},"content":{"rendered":"<p>No Festival Internacional de Cinema de Anima\u00e7\u00e3o de Bimini <!--more--> Os dois filmes portugueses seleccionados para concorrer ao Festival Internacional de Cinema de Anima\u00e7\u00e3o de Bimini, que ir\u00e1 decorrer na Let\u00f3nia, de 1 a 4 de Abril, foram produzidos pelo est\u00fadio de cinema de anima\u00e7\u00e3o do Cine-Clube de Avanca.<\/p>\n<p>Esses dois filmes s\u00e3o \u201cZ\u00e9 e o pinguim\u201d, de Francisco Lan\u00e7a, e \u201cD\u00e1-me luz\u201d, de S\u00e9rgio Nogueira. O primeiro destes trabalhos esteve, tamb\u00e9m, em competi\u00e7\u00e3o, em festivais que decorreram Bolonha (It\u00e1lia) e S. Roque (Espanha), ambos no passado m\u00eas de Fevereiro, e estar\u00e1 tamb\u00e9m no Festival do Cairo, que se realiza em Mar\u00e7o.<\/p>\n<p>Os dois filmes tiveram o apoio financeiro do ICAM \/ Minist\u00e9rio da Cultura e da RTP.<\/p>\n","protected":false},"excerpt":{"rendered":"<p>No Festival Internacional de Cinema de Anima\u00e7\u00e3o de Bimini<\/p>\n","protected":false},"author":1,"featured_media":0,"comment_status":"open","ping_status":"open","sticky":false,"template":"","format":"standard","meta":{"footnotes":""},"categories":[66],"tags":[],"class_list":["post-16063","post","type-post","status-publish","format-standard","hentry","category-cultura"],"_links":{"self":[{"href":"https:\/\/sites.ecclesia.pt\/cv\/wp-json\/wp\/v2\/posts\/16063","targetHints":{"allow":["GET"]}}],"collection":[{"href":"https:\/\/sites.ecclesia.pt\/cv\/wp-json\/wp\/v2\/posts"}],"about":[{"href":"https:\/\/sites.ecclesia.pt\/cv\/wp-json\/wp\/v2\/types\/post"}],"author":[{"embeddable":true,"href":"https:\/\/sites.ecclesia.pt\/cv\/wp-json\/wp\/v2\/users\/1"}],"replies":[{"embeddable":true,"href":"https:\/\/sites.ecclesia.pt\/cv\/wp-json\/wp\/v2\/comments?post=16063"}],"version-history":[{"count":0,"href":"https:\/\/sites.ecclesia.pt\/cv\/wp-json\/wp\/v2\/posts\/16063\/revisions"}],"wp:attachment":[{"href":"https:\/\/sites.ecclesia.pt\/cv\/wp-json\/wp\/v2\/media?parent=16063"}],"wp:term":[{"taxonomy":"category","embeddable":true,"href":"https:\/\/sites.ecclesia.pt\/cv\/wp-json\/wp\/v2\/categories?post=16063"},{"taxonomy":"post_tag","embeddable":true,"href":"https:\/\/sites.ecclesia.pt\/cv\/wp-json\/wp\/v2\/tags?post=16063"}],"curies":[{"name":"wp","href":"https:\/\/api.w.org\/{rel}","templated":true}]}}