{"id":16064,"date":"2006-04-03T14:44:00","date_gmt":"2006-04-03T14:44:00","guid":{"rendered":"http:\/\/localhost:81\/wp1\/?p=16064"},"modified":"2006-04-03T14:44:00","modified_gmt":"2006-04-03T14:44:00","slug":"na-luta-pela-europa-a-guerra-continua-na-meia-tabela","status":"publish","type":"post","link":"https:\/\/sites.ecclesia.pt\/cv\/na-luta-pela-europa-a-guerra-continua-na-meia-tabela\/","title":{"rendered":"Na luta pela Europa a guerra continua na meia tabela&#8230;"},"content":{"rendered":"<p>\u00c0 24\u00aa jornada o Sporting parece ter j\u00e1 garantido o acesso \u00e0 pr\u00e9-eliminat\u00f3ria da Liga dos Camp\u00f5es devido ao surpreendente empate caseiro do Benfica. <\/p>\n<p>Na luta pela Europa tudo na mesma devido aos empates de Braga, Beira-Mar, Boavista e derrotas de Mar\u00edtimo e Nacional. No fundo da tabela continuam Pa\u00e7os de Ferreira, Estrela da Amadora e V. Guimar\u00e3es.<\/p>\n<p>O Beira Mar n\u00e3o est\u00e1 s\u00f3 na crise de efic\u00e1cia. Os seus parceiros de ambi\u00e7\u00e3o tamb\u00e9m n\u00e3o est\u00e3o melhor!<\/p>\n","protected":false},"excerpt":{"rendered":"<p>\u00c0 24\u00aa jornada o Sporting parece ter j\u00e1 garantido o acesso \u00e0 pr\u00e9-eliminat\u00f3ria da Liga dos Camp\u00f5es devido ao surpreendente empate caseiro do Benfica. Na luta pela Europa tudo na mesma devido aos empates de Braga, Beira-Mar, Boavista e derrotas de Mar\u00edtimo e Nacional. No fundo da tabela continuam Pa\u00e7os de Ferreira, Estrela da Amadora [&hellip;]<\/p>\n","protected":false},"author":1,"featured_media":0,"comment_status":"open","ping_status":"open","sticky":false,"template":"","format":"standard","meta":{"footnotes":""},"categories":[46],"tags":[],"class_list":["post-16064","post","type-post","status-publish","format-standard","hentry","category-desporto"],"_links":{"self":[{"href":"https:\/\/sites.ecclesia.pt\/cv\/wp-json\/wp\/v2\/posts\/16064","targetHints":{"allow":["GET"]}}],"collection":[{"href":"https:\/\/sites.ecclesia.pt\/cv\/wp-json\/wp\/v2\/posts"}],"about":[{"href":"https:\/\/sites.ecclesia.pt\/cv\/wp-json\/wp\/v2\/types\/post"}],"author":[{"embeddable":true,"href":"https:\/\/sites.ecclesia.pt\/cv\/wp-json\/wp\/v2\/users\/1"}],"replies":[{"embeddable":true,"href":"https:\/\/sites.ecclesia.pt\/cv\/wp-json\/wp\/v2\/comments?post=16064"}],"version-history":[{"count":0,"href":"https:\/\/sites.ecclesia.pt\/cv\/wp-json\/wp\/v2\/posts\/16064\/revisions"}],"wp:attachment":[{"href":"https:\/\/sites.ecclesia.pt\/cv\/wp-json\/wp\/v2\/media?parent=16064"}],"wp:term":[{"taxonomy":"category","embeddable":true,"href":"https:\/\/sites.ecclesia.pt\/cv\/wp-json\/wp\/v2\/categories?post=16064"},{"taxonomy":"post_tag","embeddable":true,"href":"https:\/\/sites.ecclesia.pt\/cv\/wp-json\/wp\/v2\/tags?post=16064"}],"curies":[{"name":"wp","href":"https:\/\/api.w.org\/{rel}","templated":true}]}}