{"id":16066,"date":"2006-04-03T14:44:00","date_gmt":"2006-04-03T14:44:00","guid":{"rendered":"http:\/\/localhost:81\/wp1\/?p=16066"},"modified":"2006-04-03T14:44:00","modified_gmt":"2006-04-03T14:44:00","slug":"caciquismo","status":"publish","type":"post","link":"https:\/\/sites.ecclesia.pt\/cv\/caciquismo\/","title":{"rendered":"Caciquismo!"},"content":{"rendered":"<p>Ponta de Lan\u00e7a <!--more--> A express\u00e3o ocorreu-nos sem nenhuma raz\u00e3o aparente! <\/p>\n<p>N\u00e3o fique, o caro leitor, perplexo por uma abordagem t\u00e3o infundamentada. \u00c9 verdade que aconteceram coisas \u2013 a televis\u00e3o estava l\u00e1, s\u00f3 pode ser verdade?! \u2013 em Marco de Canaveses, num jogo da equipa local com o Santa Clara,  que mais pareciam cenas do quinto mundo &#8211; se \u00e9 que existe?! O terceiro j\u00e1 t\u00e3o deprimente que at\u00e9 \u00e9 dif\u00edcil imaginar o que estar\u00e1 mais abaixo!  <\/p>\n<p>O autarca local saltou para a relva, ali mesmo junto ao Quarto \u00c1rbitro e\u2026 v\u00e1 de vociferar contra aquela maltosa toda. De pontapear tudo o que estava \u00e0 sua frente \u2013 afinal aquilo, disse mais tarde, n\u00e3o era dirigido a nenhum dos presentes. Ainda bem!?<\/p>\n<p>Mas vamos l\u00e1 ver, analisar as coisas friamente, o homem estava irritado; \u00e9 um representante leg\u00edtimo do povo; tem de mover as suas influ\u00eancias e flu\u00eancias para dignificar a honra de quem votou nele e de todos os outros, v\u00edtimas da democracia, que t\u00eam de se rever neste poder local. Ora, isto tudo \u00e9 para e pelo bem comum! Para o cuidado da polis, da cidade, da regi\u00e3o. <\/p>\n<p>Parab\u00e9ns. \u00c9 isto mesmo o que os dicion\u00e1rios designam por cacique!<\/p>\n<p>Mas nem tudo \u00e9 assim t\u00e3o viril neste futebol ind\u00edgena. Veja-se por exemplo a atitude dos jogadores do Benfica no jogo da Super-Liga na coincid\u00eancia do calend\u00e1rio com a data do 100\u00ba anivers\u00e1rio: gente simples, de futebol sereno, solid\u00e1rio (com quem precisa de pontos); no fundo, uma jogatana a lembrar as \u201cgl\u00f3rias\u201d da \u00faltima d\u00e9cada! <\/p>\n<p>Apesar da tibieza e da demagogia\u2026 parab\u00e9ns, Benfica. Um dia, quem sabe, h\u00e1s-de voltar a ser grande!<\/p>\n<p>Desportivamente \u2026 pelo desporto!<\/p>\n","protected":false},"excerpt":{"rendered":"<p>Ponta de Lan\u00e7a<\/p>\n","protected":false},"author":1,"featured_media":0,"comment_status":"open","ping_status":"open","sticky":false,"template":"","format":"standard","meta":{"footnotes":""},"categories":[46],"tags":[],"class_list":["post-16066","post","type-post","status-publish","format-standard","hentry","category-desporto"],"_links":{"self":[{"href":"https:\/\/sites.ecclesia.pt\/cv\/wp-json\/wp\/v2\/posts\/16066","targetHints":{"allow":["GET"]}}],"collection":[{"href":"https:\/\/sites.ecclesia.pt\/cv\/wp-json\/wp\/v2\/posts"}],"about":[{"href":"https:\/\/sites.ecclesia.pt\/cv\/wp-json\/wp\/v2\/types\/post"}],"author":[{"embeddable":true,"href":"https:\/\/sites.ecclesia.pt\/cv\/wp-json\/wp\/v2\/users\/1"}],"replies":[{"embeddable":true,"href":"https:\/\/sites.ecclesia.pt\/cv\/wp-json\/wp\/v2\/comments?post=16066"}],"version-history":[{"count":0,"href":"https:\/\/sites.ecclesia.pt\/cv\/wp-json\/wp\/v2\/posts\/16066\/revisions"}],"wp:attachment":[{"href":"https:\/\/sites.ecclesia.pt\/cv\/wp-json\/wp\/v2\/media?parent=16066"}],"wp:term":[{"taxonomy":"category","embeddable":true,"href":"https:\/\/sites.ecclesia.pt\/cv\/wp-json\/wp\/v2\/categories?post=16066"},{"taxonomy":"post_tag","embeddable":true,"href":"https:\/\/sites.ecclesia.pt\/cv\/wp-json\/wp\/v2\/tags?post=16066"}],"curies":[{"name":"wp","href":"https:\/\/api.w.org\/{rel}","templated":true}]}}