{"id":16068,"date":"2006-04-03T14:44:00","date_gmt":"2006-04-03T14:44:00","guid":{"rendered":"http:\/\/localhost:81\/wp1\/?p=16068"},"modified":"2006-04-03T14:44:00","modified_gmt":"2006-04-03T14:44:00","slug":"numeros-preocupantes","status":"publish","type":"post","link":"https:\/\/sites.ecclesia.pt\/cv\/numeros-preocupantes\/","title":{"rendered":"N\u00fameros preocupantes"},"content":{"rendered":"<p>\u00daltima coluna <!--more--> Como tem sido largamente noticiado, o desemprego continua a crescer em Portugal, atingindo valores preocupantes. No Distrito de Aveiro, tamb\u00e9m, apesar de tanto se apregoar que a nossa regi\u00e3o \u00e9 uma terra onde mana leite e mel. Os que est\u00e3o no desemprego n\u00e3o dir\u00e3o isso, infelizmente.<\/p>\n<p>Quem veio mais uma vez denunciar esta realidade foi a Uni\u00e3o dos Sindicatos de Aveiro (USA), que informou haver, neste momento, mais de 28 mil desempregados registados no Centro de Emprego e Forma\u00e7\u00e3o Profissional, o que corresponde a 6,27 por cento dos desempregados registados no Pa\u00eds. Para al\u00e9m desses, h\u00e1 outros n\u00e3o registados e, ainda, os que se mant\u00eam numa situa\u00e7\u00e3o de precariedade no trabalho.<\/p>\n<p>Segundo o estudo divulgado pela USA, as mulheres s\u00e3o as mais afectadas, ultrapassando as 17 mil \u00e0 espera de uma primeira ou nova oportunidade de emprego. Tamb\u00e9m foi denunciado por aquela estrutura sindical que h\u00e1 mais de 11 mil trabalhadores no rol dos desempregados de longa dura\u00e7\u00e3o.<\/p>\n<p>Entretanto, paralelamente a estas informa\u00e7\u00f5es, que n\u00e3o podem deixar de ser inquietantes, a USA anunciou mais uma manifesta\u00e7\u00e3o de protesto, para 11 de Mar\u00e7o, fundamentalmente para reclamarem a valoriza\u00e7\u00e3o do trabalho, a qualidade do emprego, a melhoria dos sal\u00e1rios, a igualdade nos ambientes profissionais, o fim das discrimina\u00e7\u00f5es e a defesa de pol\u00edticas sociais justas.<\/p>\n<p>F.M.<\/p>\n","protected":false},"excerpt":{"rendered":"<p>\u00daltima coluna<\/p>\n","protected":false},"author":1,"featured_media":0,"comment_status":"open","ping_status":"open","sticky":false,"template":"","format":"standard","meta":{"footnotes":""},"categories":[61],"tags":[],"class_list":["post-16068","post","type-post","status-publish","format-standard","hentry","category-actualidade"],"_links":{"self":[{"href":"https:\/\/sites.ecclesia.pt\/cv\/wp-json\/wp\/v2\/posts\/16068","targetHints":{"allow":["GET"]}}],"collection":[{"href":"https:\/\/sites.ecclesia.pt\/cv\/wp-json\/wp\/v2\/posts"}],"about":[{"href":"https:\/\/sites.ecclesia.pt\/cv\/wp-json\/wp\/v2\/types\/post"}],"author":[{"embeddable":true,"href":"https:\/\/sites.ecclesia.pt\/cv\/wp-json\/wp\/v2\/users\/1"}],"replies":[{"embeddable":true,"href":"https:\/\/sites.ecclesia.pt\/cv\/wp-json\/wp\/v2\/comments?post=16068"}],"version-history":[{"count":0,"href":"https:\/\/sites.ecclesia.pt\/cv\/wp-json\/wp\/v2\/posts\/16068\/revisions"}],"wp:attachment":[{"href":"https:\/\/sites.ecclesia.pt\/cv\/wp-json\/wp\/v2\/media?parent=16068"}],"wp:term":[{"taxonomy":"category","embeddable":true,"href":"https:\/\/sites.ecclesia.pt\/cv\/wp-json\/wp\/v2\/categories?post=16068"},{"taxonomy":"post_tag","embeddable":true,"href":"https:\/\/sites.ecclesia.pt\/cv\/wp-json\/wp\/v2\/tags?post=16068"}],"curies":[{"name":"wp","href":"https:\/\/api.w.org\/{rel}","templated":true}]}}