{"id":16072,"date":"2006-04-03T14:44:00","date_gmt":"2006-04-03T14:44:00","guid":{"rendered":"http:\/\/localhost:81\/wp1\/?p=16072"},"modified":"2006-04-03T14:44:00","modified_gmt":"2006-04-03T14:44:00","slug":"sinal-16","status":"publish","type":"post","link":"https:\/\/sites.ecclesia.pt\/cv\/sinal-16\/","title":{"rendered":"Sinal &#8211;"},"content":{"rendered":"<p>Sempre por aqui conden\u00e1mos os radicalismos, identificando-os, normalmente, com  os isl\u00e2micos, que n\u00e3o olham a meios para atingirem os seus fins. Mas temos de reconhecer que, de quando em vez, tamb\u00e9m os temos entre n\u00f3s.<\/p>\n<p>Hoje, lamentamos o comportamento dos que, em nome da bandeira da condena\u00e7\u00e3o do aborto, que subscrevemos, n\u00e3o t\u00eam pejo em usar meios reprov\u00e1veis pelo bom senso e pela toler\u00e2ncia crist\u00e3, para pregarem a doutrina que a Igreja defende, a prop\u00f3sito da vida. <\/p>\n<p>Apresentar em escolas privadas literatura com imagens chocantes, querendo fazer passar a mensagem de que se comem fetos humanos de churrasco ao almo\u00e7o, \u00e9 coisa que n\u00e3o lembra a ningu\u00e9m minimamente inteligente. <\/p>\n<p>Porque as grandes causas devem merecer-nos tomadas de posi\u00e7\u00e3o elevadas, dignas e dignificantes, atribu\u00edmos aos autores desses desmandos o nosso veemente Sinal \u2013.<\/p>\n","protected":false},"excerpt":{"rendered":"<p>Sempre por aqui conden\u00e1mos os radicalismos, identificando-os, normalmente, com os isl\u00e2micos, que n\u00e3o olham a meios para atingirem os seus fins. Mas temos de reconhecer que, de quando em vez, tamb\u00e9m os temos entre n\u00f3s. Hoje, lamentamos o comportamento dos que, em nome da bandeira da condena\u00e7\u00e3o do aborto, que subscrevemos, n\u00e3o t\u00eam pejo em [&hellip;]<\/p>\n","protected":false},"author":1,"featured_media":0,"comment_status":"open","ping_status":"open","sticky":false,"template":"","format":"standard","meta":{"footnotes":""},"categories":[62],"tags":[],"class_list":["post-16072","post","type-post","status-publish","format-standard","hentry","category-opiniao"],"_links":{"self":[{"href":"https:\/\/sites.ecclesia.pt\/cv\/wp-json\/wp\/v2\/posts\/16072","targetHints":{"allow":["GET"]}}],"collection":[{"href":"https:\/\/sites.ecclesia.pt\/cv\/wp-json\/wp\/v2\/posts"}],"about":[{"href":"https:\/\/sites.ecclesia.pt\/cv\/wp-json\/wp\/v2\/types\/post"}],"author":[{"embeddable":true,"href":"https:\/\/sites.ecclesia.pt\/cv\/wp-json\/wp\/v2\/users\/1"}],"replies":[{"embeddable":true,"href":"https:\/\/sites.ecclesia.pt\/cv\/wp-json\/wp\/v2\/comments?post=16072"}],"version-history":[{"count":0,"href":"https:\/\/sites.ecclesia.pt\/cv\/wp-json\/wp\/v2\/posts\/16072\/revisions"}],"wp:attachment":[{"href":"https:\/\/sites.ecclesia.pt\/cv\/wp-json\/wp\/v2\/media?parent=16072"}],"wp:term":[{"taxonomy":"category","embeddable":true,"href":"https:\/\/sites.ecclesia.pt\/cv\/wp-json\/wp\/v2\/categories?post=16072"},{"taxonomy":"post_tag","embeddable":true,"href":"https:\/\/sites.ecclesia.pt\/cv\/wp-json\/wp\/v2\/tags?post=16072"}],"curies":[{"name":"wp","href":"https:\/\/api.w.org\/{rel}","templated":true}]}}