{"id":16073,"date":"2006-04-03T14:44:00","date_gmt":"2006-04-03T14:44:00","guid":{"rendered":"http:\/\/localhost:81\/wp1\/?p=16073"},"modified":"2006-04-03T14:44:00","modified_gmt":"2006-04-03T14:44:00","slug":"colaborar-para-melhor-servir","status":"publish","type":"post","link":"https:\/\/sites.ecclesia.pt\/cv\/colaborar-para-melhor-servir\/","title":{"rendered":"Colaborar para melhor servir"},"content":{"rendered":"<p>Junto dos Irm\u00e3os <!--more--> Sem m\u00fatua colabora\u00e7\u00e3o, n\u00e3o pode haver partilha de servi\u00e7o em favor dos que mais precisam. Ningu\u00e9m pode ser uma ilha nem para o bem nem para o mal. Na unidade est\u00e1 a for\u00e7a. \u00c9 a hist\u00f3ria dos vimes! Sempre ela!\u2026<\/p>\n<p>Este pre\u00e2mbulo vem a prop\u00f3sito de institui\u00e7\u00f5es de solidariedade social civicas.<\/p>\n<p>Neste fim-de-semana estivemos na tomada de posse de novos Corpos Sociais da Miser\u00edc\u00f3rdia de Aveiro. E a nota t\u00f3nica que imperou, quer vinda do provedor cessante, quer do empossado ou at\u00e9 do Bispo de Aveiro, foi a necessidade de haver uma colabora\u00e7\u00e3o de todos para todos. Ningu\u00e9m pode fazer tudo, porque, se assim o fizer, est\u00e1 a matar-se e a marginalizar quem, porventura, quereria fazer, colaborar. E partilha-se colaborando nestas dimens\u00f5es.<\/p>\n<p>Um texto que recebemos da tomada de posse da Miseric\u00f3rdia de Anadia vai, tamb\u00e9m, nessa linha.<\/p>\n<p>Diz o Boletim da Institui\u00e7\u00e3o, atrav\u00e9s do seu provedor: \u201c\u2026 Estamos certos que todos estavam imbu\u00eddos do mesmo esp\u00edrito de vontade e determina\u00e7\u00e3o quando se disponibilizaram para aceitarem os respectivos cargos, oferecendo um pouco do seu tempo livre \u00e0 dedica\u00e7\u00e3o da solidariedade para com os mais desfavorecidos\u201d. E acrescenta-se: \u201cS\u00e3o tempos dif\u00edceis os que se avizinham, mas a Santa Casa da Miseric\u00f3rdia de Anadia tudo far\u00e1 para que o seu bom nome perdure por muitos e bons anos.\u201d<\/p>\n<p>E n\u00e3o se ficam na contempla\u00e7\u00e3o de louros, porventura adquiridos ou conquista-dos, garantindo que v\u00e3o continuar a obra deixada, com outras iniciativas. Naturalmente que os Org\u00e3os Sociais t\u00eam alguns projectos para os pr\u00f3ximos tr\u00eas anos. Deles daremos conta, mas conta-mos, dizem, com a colabora\u00e7\u00e3o dos nossos Irm\u00e3os nas Assembleias Gerais ou noutros locais de trabalho, dando um melhor apoio e condi\u00e7\u00f5es  de servi\u00e7o a quem diariamente serve a Obra.<\/p>\n<p>Ora aqui est\u00e1, tamb\u00e9m, uma das maneiras de fazer caridade, de haver coopera\u00e7\u00e3o. Dar hoje condi\u00e7\u00f5es de trabalho \u00e9 um dever.<\/p>\n<p>\u00c9 Quaresma, \u00e9 tempo de partilha em todos os quadrantes.<\/p>\n","protected":false},"excerpt":{"rendered":"<p>Junto dos Irm\u00e3os<\/p>\n","protected":false},"author":1,"featured_media":0,"comment_status":"open","ping_status":"open","sticky":false,"template":"","format":"standard","meta":{"footnotes":""},"categories":[62],"tags":[],"class_list":["post-16073","post","type-post","status-publish","format-standard","hentry","category-opiniao"],"_links":{"self":[{"href":"https:\/\/sites.ecclesia.pt\/cv\/wp-json\/wp\/v2\/posts\/16073","targetHints":{"allow":["GET"]}}],"collection":[{"href":"https:\/\/sites.ecclesia.pt\/cv\/wp-json\/wp\/v2\/posts"}],"about":[{"href":"https:\/\/sites.ecclesia.pt\/cv\/wp-json\/wp\/v2\/types\/post"}],"author":[{"embeddable":true,"href":"https:\/\/sites.ecclesia.pt\/cv\/wp-json\/wp\/v2\/users\/1"}],"replies":[{"embeddable":true,"href":"https:\/\/sites.ecclesia.pt\/cv\/wp-json\/wp\/v2\/comments?post=16073"}],"version-history":[{"count":0,"href":"https:\/\/sites.ecclesia.pt\/cv\/wp-json\/wp\/v2\/posts\/16073\/revisions"}],"wp:attachment":[{"href":"https:\/\/sites.ecclesia.pt\/cv\/wp-json\/wp\/v2\/media?parent=16073"}],"wp:term":[{"taxonomy":"category","embeddable":true,"href":"https:\/\/sites.ecclesia.pt\/cv\/wp-json\/wp\/v2\/categories?post=16073"},{"taxonomy":"post_tag","embeddable":true,"href":"https:\/\/sites.ecclesia.pt\/cv\/wp-json\/wp\/v2\/tags?post=16073"}],"curies":[{"name":"wp","href":"https:\/\/api.w.org\/{rel}","templated":true}]}}