{"id":16076,"date":"2006-04-03T14:44:00","date_gmt":"2006-04-03T14:44:00","guid":{"rendered":"http:\/\/localhost:81\/wp1\/?p=16076"},"modified":"2006-04-03T14:44:00","modified_gmt":"2006-04-03T14:44:00","slug":"igreja-breves-16","status":"publish","type":"post","link":"https:\/\/sites.ecclesia.pt\/cv\/igreja-breves-16\/","title":{"rendered":"Igreja Breves"},"content":{"rendered":"<p>TERRA SANTA \u2014A Santa S\u00e9 enviou uma carta a todas as dioceses do mundo convidando-as a realizar, na pr\u00f3xima Semana Santa, uma colecta a favor dos crist\u00e3os que vivem na Terra Santa.  O cardeal Ignace Daoud, prefeito da Congrega\u00e7\u00e3o para as Igrejas Orientais, lembra \u201ca dram\u00e1tica situa\u00e7\u00e3o\u201d que se vive na regi\u00e3o.<\/p>\n<p>SANTOS PORTUGUESES \u2014 \u201cH\u00e1 neste momento 32 causas de santos relativas a crist\u00e3os portugueses\u201d \u2013 avan\u00e7ou o Prefeito da Congrega\u00e7\u00e3o para a Causa dos Santos, cardeal Saraiva Martins, \u00e0  Voz Portucalense. Para al\u00e9m deste dado, o prelado referiu que a mais adiantada  \u00e9 a de Alexandrina, que ser\u00e1 beatificada a 25 de Abril. <\/p>\n<p>ROBERT SCHUMAN \u2014 Jo\u00e3o Paulo II manifestou o seu \u201cinteresse pessoal\u201d pela beatifica\u00e7\u00e3o do pol\u00edtico franc\u00eas Robert Schuman, um dos fundadores da Uni\u00e3o Europeu. A not\u00edcia foi avan\u00e7ada pelo director de comunica\u00e7\u00e3o da diocese de Metz. \u00c9 poss\u00edvel que o Papa deseje beatificar Schuman numa passa-gem por Estrasburgo, em Setembro de 2004.<\/p>\n<p>BISPOS DA GUIN\u00c9 \u2014 Os bispos da Guin\u00e9-Bissau, D. Pedro Zili e D. Jos\u00e9 Camnate, vieram a Portugal para conhecerem, mais de perto, a realidade dos guineenses que vivem entre n\u00f3s e contactar com as organiza\u00e7\u00f5es que promovem projectos de coopera\u00e7\u00e3o no seu pa\u00eds, casos da C\u00e1ritas Portuguesa e da Funda\u00e7\u00e3o Evangeliza\u00e7\u00e3o e Culturas.<\/p>\n<p>ESPERAN\u00c7A DA EUROPA\u2014 \u201cCristo, esperan\u00e7a para a Europa\u201d \u00e9 o t\u00edtulo das II Jornadas Europeias dos Universit\u00e1rios, que reunir\u00e1 no dia 13 de Mar\u00e7o estudantes de todo o continente, de modo especial dos dez novos membros da UE. As dez capitais desses pa\u00edses participar\u00e3o, no momento culminante da Jornada, via sat\u00e9lite, na ora\u00e7\u00e3o do Ros\u00e1rio presidida por Jo\u00e3o Paulo II, na sala Paulo VI do Vaticano.<\/p>\n<p>\u201cA PAIX\u00c3O DE CRISTO\u201d \u2014 O  filme \u201cA Paix\u00e3o de Cristo\u201d, de Mel Gibson, vai ser tema de um debate organizado pelo Vaticano, com o objectivo de p\u00f4r em di\u00e1logo as v\u00e1rias religi\u00f5es monote\u00edstas. A iniciativa, que ainda n\u00e3o tem local nem data marcados, foi anunciada na Universidade Pontif\u00edcia Lateranense, em Roma.<\/p>\n<p>S\u00cdMBOLOS RELIGIOSOS \u2014 A proibi\u00e7\u00e3o dos s\u00edmbolos religiosos nas edif\u00edcios p\u00fablicas franceses continua a levantar pol\u00e9mica. O presidente da Confer\u00eancia Episcopal partilhou com Jacques Chirac as reservas dos Bispos em rela\u00e7\u00e3o ao projecto de lei sobre laicidade, admitindo que a nova legisla\u00e7\u00e3o possa abrir caminho a atitudes radicais contra as religi\u00f5es.<\/p>\n","protected":false},"excerpt":{"rendered":"<p>TERRA SANTA \u2014A Santa S\u00e9 enviou uma carta a todas as dioceses do mundo convidando-as a realizar, na pr\u00f3xima Semana Santa, uma colecta a favor dos crist\u00e3os que vivem na Terra Santa. O cardeal Ignace Daoud, prefeito da Congrega\u00e7\u00e3o para as Igrejas Orientais, lembra \u201ca dram\u00e1tica situa\u00e7\u00e3o\u201d que se vive na regi\u00e3o. SANTOS PORTUGUESES \u2014 [&hellip;]<\/p>\n","protected":false},"author":1,"featured_media":0,"comment_status":"open","ping_status":"open","sticky":false,"template":"","format":"standard","meta":{"footnotes":""},"categories":[44],"tags":[],"class_list":["post-16076","post","type-post","status-publish","format-standard","hentry","category-igreja"],"_links":{"self":[{"href":"https:\/\/sites.ecclesia.pt\/cv\/wp-json\/wp\/v2\/posts\/16076","targetHints":{"allow":["GET"]}}],"collection":[{"href":"https:\/\/sites.ecclesia.pt\/cv\/wp-json\/wp\/v2\/posts"}],"about":[{"href":"https:\/\/sites.ecclesia.pt\/cv\/wp-json\/wp\/v2\/types\/post"}],"author":[{"embeddable":true,"href":"https:\/\/sites.ecclesia.pt\/cv\/wp-json\/wp\/v2\/users\/1"}],"replies":[{"embeddable":true,"href":"https:\/\/sites.ecclesia.pt\/cv\/wp-json\/wp\/v2\/comments?post=16076"}],"version-history":[{"count":0,"href":"https:\/\/sites.ecclesia.pt\/cv\/wp-json\/wp\/v2\/posts\/16076\/revisions"}],"wp:attachment":[{"href":"https:\/\/sites.ecclesia.pt\/cv\/wp-json\/wp\/v2\/media?parent=16076"}],"wp:term":[{"taxonomy":"category","embeddable":true,"href":"https:\/\/sites.ecclesia.pt\/cv\/wp-json\/wp\/v2\/categories?post=16076"},{"taxonomy":"post_tag","embeddable":true,"href":"https:\/\/sites.ecclesia.pt\/cv\/wp-json\/wp\/v2\/tags?post=16076"}],"curies":[{"name":"wp","href":"https:\/\/api.w.org\/{rel}","templated":true}]}}