{"id":16077,"date":"2006-04-03T14:44:00","date_gmt":"2006-04-03T14:44:00","guid":{"rendered":"http:\/\/localhost:81\/wp1\/?p=16077"},"modified":"2006-04-03T14:44:00","modified_gmt":"2006-04-03T14:44:00","slug":"obras-da-nova-basilica-de-fatima-ja-se-iniciaram","status":"publish","type":"post","link":"https:\/\/sites.ecclesia.pt\/cv\/obras-da-nova-basilica-de-fatima-ja-se-iniciaram\/","title":{"rendered":"Obras da nova Bas\u00edlica de F\u00e1tima j\u00e1 se iniciaram"},"content":{"rendered":"<p>A igreja da Sant\u00edssima Trindade ser\u00e1 a maior de Portugal <\/p>\n<p>e uma das maiores da Igreja Cat\u00f3lica <\/p>\n<p>J\u00e1 se iniciaram, em F\u00e1tima, as obras de constru\u00e7\u00e3o da nova Bas\u00edlica do Santu\u00e1rio, um projecto de grande envergadura, que vai prolongar-se durante os pr\u00f3ximos tr\u00eas anos. A primeira mudan\u00e7a vis\u00edvel foi a retirada do p\u00f3rtico com que o santu\u00e1rio assinalou o jubileu do ano 2000.<\/p>\n<p>A futura igreja da Sant\u00edssima Trindade, em F\u00e1tima, ser\u00e1 o maior recinto p\u00fablico fechado do pa\u00eds. Com custo estimado em 40 milh\u00f5es de Euros, o templo ter\u00e1 capacidade para nove mil lugares sentados e dever\u00e1 estar conclu\u00eddo em 2007. <\/p>\n<p>A igreja ter\u00e1 forma circular, com 125 metros de di\u00e2metro, e \u00e9 sustentada por um grande pilar que suporta toda a cobertura e evita colunas no interior do templo. O projecto, desenhado pelo arquitecto greco-ortodoxo Alexandros N. Tombazis, combina a luz e a tecnologia, procurando respeitar a atmosfera de F\u00e1tima.<\/p>\n<p>O interior da igreja \u00e9 iluminado pelo tecto, atrav\u00e9s de janelas viradas para Norte, dando prioridade \u00e0 luz natural. Ser\u00e1 poss\u00edvel mudar a ilumina\u00e7\u00e3o, em diferentes lugares e com diferentes intensidades, com a ajuda de um sistema computadorizado. Simbolicamente, a orienta\u00e7\u00e3o das janelas lan\u00e7a o olhar em direc\u00e7\u00e3o \u00e0 Bas\u00edlica j\u00e1 existente.<\/p>\n<p>O projecto inclui um espelho de \u00e1gua, nas duas escadas centrais paralelas da entrada, elemento com que Tombazis admite querer transmitir a calma e a serenidade oferecidas pelo local, um recinto onde  ecoa uma \u201cpaz infinita\u201d, nas suas palavras.<\/p>\n<p>O reitor do Santu\u00e1rio, monsenhor Luciano Guerra, explicou em entrevista \u00e0 ECCLESIA que o projecto da nova Bas\u00edlica se concretizou, sobretudo, por causa do acolhimento aos peregrinos. \u201cAqui, a \u00fanica raz\u00e3o que existiu desde o in\u00edcio \u00e9 que h\u00e1 uma s\u00e9rie de peregrinos que, n\u00e3o vindo para celebra\u00e7\u00f5es no exterior, n\u00e3o podem ser acolhidos na actual Bas\u00edlica. Precis\u00e1vamos, portanto, de um lugar de acolhimento maior que a Bas\u00edlica\u201d, referiu, ao rebater as cr\u00edticas existentes ao novo projecto.<\/p>\n<p>Al\u00e9m da porta principal, abrindo em vasto adro sobre o Recinto, h\u00e1 12 portas laterais, seis de cada lado. A porta principal ser\u00e1 consagrada a Cristo e as laterais aos Ap\u00f3stolos.<\/p>\n<p>Com um volume de quase 130 mil metros c\u00fabicos  e uma altura m\u00e9dia de 15 metros (a altura exterior ultrapassa levemente a actual colunata, permanecendo a torre da Bas\u00edlica como o elemento dominante), a nova Bas\u00edlica de F\u00e1tima est\u00e1 configurada para duas capacidades diferentes: poder\u00e1 conter 9000 fi\u00e9is sentados, com lugares reservados a pessoas com defici\u00eancia, mas, para assembleias at\u00e9 3000 pessoas, o espa\u00e7o da frente ser\u00e1 separado do restante por uma divis\u00f3ria de dois metros de altura, que se levanta mecanicamente do ch\u00e3o. Esta capacidade faz da igreja da Sant\u00edssima Trindade a maior de Portugal e uma das maiores da Igreja Cat\u00f3lica. <\/p>\n<p>O complexo inclui ainda tr\u00eas capelas da Reconcilia\u00e7\u00e3o, que servir\u00e3o tamb\u00e9m para outras celebra\u00e7\u00f5es. A \u201cZona da Reconcilia\u00e7\u00e3o\u201d \u00e9 composta por uma \u00e1rea para peregrinos portugueses, com sal\u00e3o-capela de 600 lugares sentados e 32 gabinetes\/confession\u00e1rios, e outra \u00e1rea para peregrinos estrangeiros, com duas capelas de 120 lugares cada e 32 gabinetes\/confession\u00e1rios.<\/p>\n<p>O Servi\u00e7o de Constru\u00e7\u00f5es do Santu\u00e1rio de F\u00e1tima criou uma equipa de trabalho no sentido de estudar os aspectos iconogr\u00e1ficos e visuais do novo espa\u00e7o a construir, n\u00e3o estando ainda determinado se ser\u00e1 mantida a simbologia dos elementos actuais.<\/p>\n","protected":false},"excerpt":{"rendered":"<p>A igreja da Sant\u00edssima Trindade ser\u00e1 a maior de Portugal e uma das maiores da Igreja Cat\u00f3lica J\u00e1 se iniciaram, em F\u00e1tima, as obras de constru\u00e7\u00e3o da nova Bas\u00edlica do Santu\u00e1rio, um projecto de grande envergadura, que vai prolongar-se durante os pr\u00f3ximos tr\u00eas anos. A primeira mudan\u00e7a vis\u00edvel foi a retirada do p\u00f3rtico com que [&hellip;]<\/p>\n","protected":false},"author":1,"featured_media":0,"comment_status":"open","ping_status":"open","sticky":false,"template":"","format":"standard","meta":{"footnotes":""},"categories":[44],"tags":[],"class_list":["post-16077","post","type-post","status-publish","format-standard","hentry","category-igreja"],"_links":{"self":[{"href":"https:\/\/sites.ecclesia.pt\/cv\/wp-json\/wp\/v2\/posts\/16077","targetHints":{"allow":["GET"]}}],"collection":[{"href":"https:\/\/sites.ecclesia.pt\/cv\/wp-json\/wp\/v2\/posts"}],"about":[{"href":"https:\/\/sites.ecclesia.pt\/cv\/wp-json\/wp\/v2\/types\/post"}],"author":[{"embeddable":true,"href":"https:\/\/sites.ecclesia.pt\/cv\/wp-json\/wp\/v2\/users\/1"}],"replies":[{"embeddable":true,"href":"https:\/\/sites.ecclesia.pt\/cv\/wp-json\/wp\/v2\/comments?post=16077"}],"version-history":[{"count":0,"href":"https:\/\/sites.ecclesia.pt\/cv\/wp-json\/wp\/v2\/posts\/16077\/revisions"}],"wp:attachment":[{"href":"https:\/\/sites.ecclesia.pt\/cv\/wp-json\/wp\/v2\/media?parent=16077"}],"wp:term":[{"taxonomy":"category","embeddable":true,"href":"https:\/\/sites.ecclesia.pt\/cv\/wp-json\/wp\/v2\/categories?post=16077"},{"taxonomy":"post_tag","embeddable":true,"href":"https:\/\/sites.ecclesia.pt\/cv\/wp-json\/wp\/v2\/tags?post=16077"}],"curies":[{"name":"wp","href":"https:\/\/api.w.org\/{rel}","templated":true}]}}