{"id":16078,"date":"2006-04-03T14:44:00","date_gmt":"2006-04-03T14:44:00","guid":{"rendered":"http:\/\/localhost:81\/wp1\/?p=16078"},"modified":"2006-04-03T14:44:00","modified_gmt":"2006-04-03T14:44:00","slug":"coloquio-nacional-de-paroquias","status":"publish","type":"post","link":"https:\/\/sites.ecclesia.pt\/cv\/coloquio-nacional-de-paroquias\/","title":{"rendered":"Col\u00f3quio Nacional de Par\u00f3quias"},"content":{"rendered":"<p>Em F\u00e1tima, de 4 a 7 de Julho <!--more--> De 4 a 7 de Julho, vai decorrer em F\u00e1tima, na Casa de Nossa Senhora do Carmo, mais um Col\u00f3quio Nacional de Par\u00f3quias, fundamentalmente para  ajudar a reflectir e a aprofundar a quest\u00e3o das novas sociabilidades emergentes e presentes na sociedade, bem como  a descobri-las como desafios que se colocam ao futuro e \u00e0 pastoral da Igreja.<\/p>\n<p>V\u00e1rias an\u00e1lises sociol\u00f3gicas \u00e0 sociedade actual identificam nela uma crise cultural, crise de rela\u00e7\u00e3o, crise de sociabilidade. Certamente, uma crise de identidade. Parecem faltar as refer\u00eancias aglutinadoras que d\u00eaem sentido \u00e0 vida, \u00e0 pessoa e \u00e0 sociedade.<\/p>\n<p>Neste contexto, a Igreja tem de se sentir interpelada a todos os seus n\u00edveis e, muito particularmente, a partir daquele que \u00e9 o ponto de encontro mais acess\u00edvel a qualquer pessoa: a par\u00f3quia.<\/p>\n<p>A par\u00f3quia \u00e9 a forma da Igreja mais pr\u00f3xima de cada pessoa e aquela que pode ser sinal privilegiado, luz e fermento no seio de uma sociedade fragmentada no seu tecido social. De facto, ainda \u00e9 a par\u00f3quia que cont\u00e9m em si as potencialidades capazes de congregar as diferen\u00e7as das pessoas e dos grupos e uni-las num projecto comum de reconstru\u00e7\u00e3o social e eclesial, respeitando as suas especificidades e promovendo os seus valores. Com efeito, o diferente n\u00e3o separa, antes \u00e9 desafio e riqueza que contribui para a perfeita harmonia do \u201ccorpo\u201d. <\/p>\n<p>Colaborar\u00e3o neste trabalho de reflex\u00e3o os peritos residentes D. Manuel Pelino, Bispo de Santar\u00e9m (Pastoral), D. Manuel Clemente, Bispo Auxiliar de Lisboa e docente da UCP (Teologia-Hist\u00f3ria), Doutor M\u00e1rio Lages, docente da UCP (Sociologia), e ainda, como convidado, o Dr. Carlos Liz. <\/p>\n<p>Informa\u00e7\u00f5es e inscri\u00e7\u00f5es podem dirigir-se para: Secretariado do Col\u00f3quio Nacional de Par\u00f3quias Igreja de S. Jos\u00e9 \u2013 3030-320 Coimbra ou pelo telefone 239712415; fax 239403627 ou correio electr\u00f3nio: p.zema nel@oninet.pt ou: igreja.s.jose @mail.telepac.pt<\/p>\n","protected":false},"excerpt":{"rendered":"<p>Em F\u00e1tima, de 4 a 7 de Julho<\/p>\n","protected":false},"author":1,"featured_media":0,"comment_status":"open","ping_status":"open","sticky":false,"template":"","format":"standard","meta":{"footnotes":""},"categories":[44],"tags":[],"class_list":["post-16078","post","type-post","status-publish","format-standard","hentry","category-igreja"],"_links":{"self":[{"href":"https:\/\/sites.ecclesia.pt\/cv\/wp-json\/wp\/v2\/posts\/16078","targetHints":{"allow":["GET"]}}],"collection":[{"href":"https:\/\/sites.ecclesia.pt\/cv\/wp-json\/wp\/v2\/posts"}],"about":[{"href":"https:\/\/sites.ecclesia.pt\/cv\/wp-json\/wp\/v2\/types\/post"}],"author":[{"embeddable":true,"href":"https:\/\/sites.ecclesia.pt\/cv\/wp-json\/wp\/v2\/users\/1"}],"replies":[{"embeddable":true,"href":"https:\/\/sites.ecclesia.pt\/cv\/wp-json\/wp\/v2\/comments?post=16078"}],"version-history":[{"count":0,"href":"https:\/\/sites.ecclesia.pt\/cv\/wp-json\/wp\/v2\/posts\/16078\/revisions"}],"wp:attachment":[{"href":"https:\/\/sites.ecclesia.pt\/cv\/wp-json\/wp\/v2\/media?parent=16078"}],"wp:term":[{"taxonomy":"category","embeddable":true,"href":"https:\/\/sites.ecclesia.pt\/cv\/wp-json\/wp\/v2\/categories?post=16078"},{"taxonomy":"post_tag","embeddable":true,"href":"https:\/\/sites.ecclesia.pt\/cv\/wp-json\/wp\/v2\/tags?post=16078"}],"curies":[{"name":"wp","href":"https:\/\/api.w.org\/{rel}","templated":true}]}}