{"id":16080,"date":"2006-04-03T14:44:00","date_gmt":"2006-04-03T14:44:00","guid":{"rendered":"http:\/\/localhost:81\/wp1\/?p=16080"},"modified":"2006-04-03T14:44:00","modified_gmt":"2006-04-03T14:44:00","slug":"aveiro-breves-12","status":"publish","type":"post","link":"https:\/\/sites.ecclesia.pt\/cv\/aveiro-breves-12\/","title":{"rendered":"Aveiro &#8211; Breves"},"content":{"rendered":"<p>Parque de caravanas<\/p>\n<p>A C\u00e2mara Municipal de Aveiro vai criar um Parque de Caravanas junto ao Parque de Feiras e Exposi\u00e7\u00f5es, fundamentalmente para funcionar durante a vig\u00eancia do EURO 2004. Pretende-se, tamb\u00e9m, que esta infra-estrutura tempor\u00e1ria sirva os feirantes da tradicional Feira de Mar\u00e7o, anunciou o vereador Domingos Cerqueira.<\/p>\n<p>Professores aposentados em conv\u00edvio<\/p>\n<p>Professores aposentados do Distrito de Aveiro reuniram-se em conv\u00edvio na passada quarta-feira. O encontro come\u00e7ou no Rossio, ap\u00f3s o que se seguiu um plen\u00e1rio, almo\u00e7o, uma visita ao Museu de Santa Joana  e uma noite de teatro. O encontro foi promovido pelo Sindicato de Professores da Regi\u00e3o Centro.<\/p>\n<p>Pol\u00edcia Municipal<\/p>\n<p>A Pol\u00edcia Municipal de Aveiro tem novo comandante. \u00c9 ele  Jos\u00e9 Fernandes, que foi at\u00e9 agora comiss\u00e1rio da PSP-Aveiro. O despacho de transfer\u00eancia j\u00e1 foi assinado e tudo indica que o novo comandante tome posse do cargo no pr\u00f3ximo m\u00eas de Abril.<\/p>\n<p>\u201cOficina do Teatro\u201d<\/p>\n<p>A Divis\u00e3o da Juventude da autarquia aveirense vai promover uma iniciativa dirigida a jovens com mais de 14 anos. Trata-se de \u201cOficina do Teatro\u201d, que vai decorrer de 23 de Mar\u00e7o a 13 de Abril, das 19.30 \u00e0s 22.30 horas, e se prop\u00f5e dar a conhecer processos de cria\u00e7\u00e3o teatral. As inscri\u00e7\u00f5es devem ser feitas at\u00e9 19 de Mar\u00e7o, na Casa Municipal da Juventude.  <\/p>\n<p>Curso de corte e costura<\/p>\n<p>A Junta de Freguesia de Santa Joana anuncia ter abertas inscri\u00e7\u00f5es para o curso de costura.<\/p>\n<p>As pessoas interessadas podem inscrever-se na Secretaria da Junta de Freguesia, no seguinte hor\u00e1rio de funcionamento: das 9 \u00e0s12 e  das 14.30 \u00e0s 19 horas.<\/p>\n","protected":false},"excerpt":{"rendered":"<p>Parque de caravanas A C\u00e2mara Municipal de Aveiro vai criar um Parque de Caravanas junto ao Parque de Feiras e Exposi\u00e7\u00f5es, fundamentalmente para funcionar durante a vig\u00eancia do EURO 2004. Pretende-se, tamb\u00e9m, que esta infra-estrutura tempor\u00e1ria sirva os feirantes da tradicional Feira de Mar\u00e7o, anunciou o vereador Domingos Cerqueira. Professores aposentados em conv\u00edvio Professores aposentados [&hellip;]<\/p>\n","protected":false},"author":1,"featured_media":0,"comment_status":"open","ping_status":"open","sticky":false,"template":"","format":"standard","meta":{"footnotes":""},"categories":[63],"tags":[],"class_list":["post-16080","post","type-post","status-publish","format-standard","hentry","category-aveiro"],"_links":{"self":[{"href":"https:\/\/sites.ecclesia.pt\/cv\/wp-json\/wp\/v2\/posts\/16080","targetHints":{"allow":["GET"]}}],"collection":[{"href":"https:\/\/sites.ecclesia.pt\/cv\/wp-json\/wp\/v2\/posts"}],"about":[{"href":"https:\/\/sites.ecclesia.pt\/cv\/wp-json\/wp\/v2\/types\/post"}],"author":[{"embeddable":true,"href":"https:\/\/sites.ecclesia.pt\/cv\/wp-json\/wp\/v2\/users\/1"}],"replies":[{"embeddable":true,"href":"https:\/\/sites.ecclesia.pt\/cv\/wp-json\/wp\/v2\/comments?post=16080"}],"version-history":[{"count":0,"href":"https:\/\/sites.ecclesia.pt\/cv\/wp-json\/wp\/v2\/posts\/16080\/revisions"}],"wp:attachment":[{"href":"https:\/\/sites.ecclesia.pt\/cv\/wp-json\/wp\/v2\/media?parent=16080"}],"wp:term":[{"taxonomy":"category","embeddable":true,"href":"https:\/\/sites.ecclesia.pt\/cv\/wp-json\/wp\/v2\/categories?post=16080"},{"taxonomy":"post_tag","embeddable":true,"href":"https:\/\/sites.ecclesia.pt\/cv\/wp-json\/wp\/v2\/tags?post=16080"}],"curies":[{"name":"wp","href":"https:\/\/api.w.org\/{rel}","templated":true}]}}