{"id":16081,"date":"2006-04-03T14:44:00","date_gmt":"2006-04-03T14:44:00","guid":{"rendered":"http:\/\/localhost:81\/wp1\/?p=16081"},"modified":"2006-04-03T14:44:00","modified_gmt":"2006-04-03T14:44:00","slug":"cursos-de-animadores-culturais","status":"publish","type":"post","link":"https:\/\/sites.ecclesia.pt\/cv\/cursos-de-animadores-culturais\/","title":{"rendered":"Cursos de Animadores Culturais"},"content":{"rendered":"<p>Em Aveiro <!--more--> Por iniciativa da C\u00e2mara Municipal de Aveiro, atrav\u00e9s do seu Pelouro da Cultura, v\u00e3o realizar-se Cursos de Forma\u00e7\u00e3o de Animadores Culturais. <\/p>\n<p>Os cursos v\u00e3o ter lugar no Centro Cultural e de Congressos e na Junta de Freguesia da Oliveirinha, de Mar\u00e7o a Julho, tendo como objectivo dotar indiv\u00edduos de capacidades t\u00e9cnicas e de conhecimentos para desempenharem fun\u00e7\u00f5es de animadores, de forma eficiente, nas freguesias onde residem.<\/p>\n<p>Dirigidos \u00e0 popula\u00e7\u00e3o em geral, estes cursos inserem-se no programa de Desenvolvimento Local e pretendem proporcionar momentos de anima\u00e7\u00e3o cultural e dinamizar as associa\u00e7\u00f5es desta \u00e1rea, mas tamb\u00e9m querem ajudar na cria\u00e7\u00e3o de projectos locais. <\/p>\n<p>A Forma\u00e7\u00e3o de Animadores Culturais vai desenvolver-se em quatro cursos simult\u00e2neos, de 60 horas cada um, onde ser\u00e3o ministradas sess\u00f5es de Express\u00e3o Pl\u00e1stica, Musical e Dram\u00e1tica, Anima\u00e7\u00e3o Desportiva e Educa\u00e7\u00e3o Ambiental. <\/p>\n<p>Como objectivos espec\u00edficos, estas ac\u00e7\u00f5es pretendem permitir a aquisi\u00e7\u00e3o de conhecimentos pl\u00e1sticos, musicais, dram\u00e1ticos, desportivos e ambientais, capazes de dinamizar e envolver as comunidades, tendo em conta que a educa\u00e7\u00e3o pela arte \u00e9 um elemento-base para o desenvolvimento das diversas faixas et\u00e1rias.<\/p>\n<p>Os interessados em participar devem dirigir-se \u00e0 Divis\u00e3o de Ac\u00e7\u00e3o Cultural, no Museu da Rep\u00fablica Arlindo Vicente, Rua Jo\u00e3o Mendon\u00e7a, 9, em Aveiro, para o preenchimento de uma ficha de inscri\u00e7\u00e3o, devendo, para o efeito, pagar 25 euros.<\/p>\n","protected":false},"excerpt":{"rendered":"<p>Em Aveiro<\/p>\n","protected":false},"author":1,"featured_media":0,"comment_status":"open","ping_status":"open","sticky":false,"template":"","format":"standard","meta":{"footnotes":""},"categories":[63],"tags":[],"class_list":["post-16081","post","type-post","status-publish","format-standard","hentry","category-aveiro"],"_links":{"self":[{"href":"https:\/\/sites.ecclesia.pt\/cv\/wp-json\/wp\/v2\/posts\/16081","targetHints":{"allow":["GET"]}}],"collection":[{"href":"https:\/\/sites.ecclesia.pt\/cv\/wp-json\/wp\/v2\/posts"}],"about":[{"href":"https:\/\/sites.ecclesia.pt\/cv\/wp-json\/wp\/v2\/types\/post"}],"author":[{"embeddable":true,"href":"https:\/\/sites.ecclesia.pt\/cv\/wp-json\/wp\/v2\/users\/1"}],"replies":[{"embeddable":true,"href":"https:\/\/sites.ecclesia.pt\/cv\/wp-json\/wp\/v2\/comments?post=16081"}],"version-history":[{"count":0,"href":"https:\/\/sites.ecclesia.pt\/cv\/wp-json\/wp\/v2\/posts\/16081\/revisions"}],"wp:attachment":[{"href":"https:\/\/sites.ecclesia.pt\/cv\/wp-json\/wp\/v2\/media?parent=16081"}],"wp:term":[{"taxonomy":"category","embeddable":true,"href":"https:\/\/sites.ecclesia.pt\/cv\/wp-json\/wp\/v2\/categories?post=16081"},{"taxonomy":"post_tag","embeddable":true,"href":"https:\/\/sites.ecclesia.pt\/cv\/wp-json\/wp\/v2\/tags?post=16081"}],"curies":[{"name":"wp","href":"https:\/\/api.w.org\/{rel}","templated":true}]}}