{"id":16092,"date":"2006-04-03T14:44:00","date_gmt":"2006-04-03T14:44:00","guid":{"rendered":"http:\/\/localhost:81\/wp1\/?p=16092"},"modified":"2006-04-03T14:44:00","modified_gmt":"2006-04-03T14:44:00","slug":"desigualdade-entre-homens-e-mulheres-continua-a-aumentar","status":"publish","type":"post","link":"https:\/\/sites.ecclesia.pt\/cv\/desigualdade-entre-homens-e-mulheres-continua-a-aumentar\/","title":{"rendered":"Desigualdade entre homens e mulheres continua a aumentar"},"content":{"rendered":"<p>Tudo se passa como se houvesse obst\u00e1culos hist\u00f3ricos, sociais e culturais \u00e0 igualdade<\/p>\n<p>O  Movimento Mundial dos Trabalhadores Crist\u00e3os (MMTC), na sua mensagem para o Dia Internacional da Mulher, que se celebrou no dia 8 de Mar\u00e7o, denunciou que as desigualdades entre os homens e as mulheres continuam a aumentar, sublinhando que \u201ctal situa\u00e7\u00e3o \u00e9 devida \u00e0 destrui\u00e7\u00e3o do trabalho humano, do ambiente e da  paz\u201d. <\/p>\n<p>Depois de afirmar que os efeitos sociais das crises s\u00e3o enormes em todos os continentes, aquele Movi-mento denuncia que a queda de muitas moedas se traduziu \u201cno desinvestimento s\u00fabito e massivo dos capitais\u201d, o que provocou o encerramento de milhares de empresas, a perda e a precariedade  no emprego, o consequente aumento das taxas de desemprego, mas ainda as migra\u00e7\u00f5es e os seus efeitos nefastos.<\/p>\n<p>O MMTC reconhece que os efeitos negativos das desigualdades no mercado do trabalho afectam sobretudo as mulheres, frisando que elas s\u00e3o, nalguns pa\u00edses, as principais v\u00edtimas de despedimento. \u201cOs sistemas de seguran\u00e7a no desemprego, para os trabalhadores com contrato legal, a tempo inteiro, n\u00e3o se aplicam geralmente \u00e0s mulheres\u201d, em muitos pa\u00edses, refere-se na Mensagem para o Dia Internacional da Mulher.<\/p>\n<p>Noutra passagem do do-cumento, afirma-se que as mulheres e as suas organiza\u00e7\u00f5es, apesar de terem uma experi\u00eancia de 20 anos no campo da concerta\u00e7\u00e3o e da coordena\u00e7\u00e3o, ainda n\u00e3o conseguiram a igualdade em muitos campos de actividade. As mulheres t\u00eam dificuldade em entrar e em se impor em muitos sectores, e na maior parte dos casos \u201celas n\u00e3o t\u00eam acesso aos lugares de direc\u00e7\u00e3o, porque n\u00e3o s\u00e3o consideradas capazes de assumir as fun\u00e7\u00f5es de presid\u00eancia e de representa\u00e7\u00e3o duma empresa\u201d.<\/p>\n<p>O MMTC denuncia que muitas organiza\u00e7\u00f5es sociais \u201cn\u00e3o garantem uma representa\u00e7\u00e3o equilibrada de mulheres nos seus \u00f3rg\u00e3os\u201d, salientando que, na pr\u00e1tica, tudo se passa como se houvesse obst\u00e1culos hist\u00f3ricos, sociais e culturais \u00e0 igualdade. <\/p>\n<p>Assim, aquele Movimento aposta em mudar estas pr\u00e1ticas, raz\u00e3o por que vai continuar a reclamar direitos e obriga\u00e7\u00f5es iguais para todos, a diversos n\u00edveis, ao mesmo tempo que quer assegurar, dentro das suas pr\u00f3prias estruturas, \u201ca igualdade de oportunidades entre os homens e as mulheres\u201d.<\/p>\n<p>A Direc\u00e7\u00e3o Executiva da LOC\/MTC (Liga Oper\u00e1ria Cat\u00f3lica\/Movimento de Trabalhadores Crist\u00e3os) subscreve na \u00edntegra a Mensagem do MMTC para o Dia Internacional da Mulher.<\/p>\n","protected":false},"excerpt":{"rendered":"<p>Tudo se passa como se houvesse obst\u00e1culos hist\u00f3ricos, sociais e culturais \u00e0 igualdade O Movimento Mundial dos Trabalhadores Crist\u00e3os (MMTC), na sua mensagem para o Dia Internacional da Mulher, que se celebrou no dia 8 de Mar\u00e7o, denunciou que as desigualdades entre os homens e as mulheres continuam a aumentar, sublinhando que \u201ctal situa\u00e7\u00e3o \u00e9 [&hellip;]<\/p>\n","protected":false},"author":1,"featured_media":0,"comment_status":"open","ping_status":"open","sticky":false,"template":"","format":"standard","meta":{"footnotes":""},"categories":[64],"tags":[],"class_list":["post-16092","post","type-post","status-publish","format-standard","hentry","category-geral"],"_links":{"self":[{"href":"https:\/\/sites.ecclesia.pt\/cv\/wp-json\/wp\/v2\/posts\/16092","targetHints":{"allow":["GET"]}}],"collection":[{"href":"https:\/\/sites.ecclesia.pt\/cv\/wp-json\/wp\/v2\/posts"}],"about":[{"href":"https:\/\/sites.ecclesia.pt\/cv\/wp-json\/wp\/v2\/types\/post"}],"author":[{"embeddable":true,"href":"https:\/\/sites.ecclesia.pt\/cv\/wp-json\/wp\/v2\/users\/1"}],"replies":[{"embeddable":true,"href":"https:\/\/sites.ecclesia.pt\/cv\/wp-json\/wp\/v2\/comments?post=16092"}],"version-history":[{"count":0,"href":"https:\/\/sites.ecclesia.pt\/cv\/wp-json\/wp\/v2\/posts\/16092\/revisions"}],"wp:attachment":[{"href":"https:\/\/sites.ecclesia.pt\/cv\/wp-json\/wp\/v2\/media?parent=16092"}],"wp:term":[{"taxonomy":"category","embeddable":true,"href":"https:\/\/sites.ecclesia.pt\/cv\/wp-json\/wp\/v2\/categories?post=16092"},{"taxonomy":"post_tag","embeddable":true,"href":"https:\/\/sites.ecclesia.pt\/cv\/wp-json\/wp\/v2\/tags?post=16092"}],"curies":[{"name":"wp","href":"https:\/\/api.w.org\/{rel}","templated":true}]}}