{"id":16177,"date":"2012-11-14T15:41:00","date_gmt":"2012-11-14T15:41:00","guid":{"rendered":"http:\/\/localhost:81\/wp1\/?p=16177"},"modified":"2012-11-14T15:41:00","modified_gmt":"2012-11-14T15:41:00","slug":"rostos-palavras","status":"publish","type":"post","link":"https:\/\/sites.ecclesia.pt\/cv\/rostos-palavras\/","title":{"rendered":"Rostos &#038; Palavras"},"content":{"rendered":"<p>\u201cParece-me estranho que um pa\u00eds com tantas capacidades financeiras e econ\u00f3micas tenha fome, mas s\u00e3o ainda efeitos retardados da guerra. (\u2026) Uma guerra destr\u00f3i o tecido social, pelo que \u00e9 normal\u00edssimo que 10 anos ap\u00f3s o fim dos combates ainda n\u00e3o esteja tudo refeito e persistam algumas injusti\u00e7as que o conflito criou e que se v\u00e3o perpetuar\u201d.<\/p>\n<p>P.e Tony Neves, na apresenta\u00e7\u00e3o, em Lisboa, do livro \u201cAngola. Justi\u00e7a e Paz nas interven\u00e7\u00f5es da Igreja Cat\u00f3lica (1989-2002)\u201d , que transcreve a sua tese de doutoramento em Ci\u00eancia Pol\u00edtica.<\/p>\n","protected":false},"excerpt":{"rendered":"<p>\u201cParece-me estranho que um pa\u00eds com tantas capacidades financeiras e econ\u00f3micas tenha fome, mas s\u00e3o ainda efeitos retardados da guerra. (\u2026) Uma guerra destr\u00f3i o tecido social, pelo que \u00e9 normal\u00edssimo que 10 anos ap\u00f3s o fim dos combates ainda n\u00e3o esteja tudo refeito e persistam algumas injusti\u00e7as que o conflito criou e que se [&hellip;]<\/p>\n","protected":false},"author":1,"featured_media":0,"comment_status":"open","ping_status":"open","sticky":false,"template":"","format":"standard","meta":{"footnotes":""},"categories":[53],"tags":[],"class_list":["post-16177","post","type-post","status-publish","format-standard","hentry","category-igreja-em-portugal"],"_links":{"self":[{"href":"https:\/\/sites.ecclesia.pt\/cv\/wp-json\/wp\/v2\/posts\/16177","targetHints":{"allow":["GET"]}}],"collection":[{"href":"https:\/\/sites.ecclesia.pt\/cv\/wp-json\/wp\/v2\/posts"}],"about":[{"href":"https:\/\/sites.ecclesia.pt\/cv\/wp-json\/wp\/v2\/types\/post"}],"author":[{"embeddable":true,"href":"https:\/\/sites.ecclesia.pt\/cv\/wp-json\/wp\/v2\/users\/1"}],"replies":[{"embeddable":true,"href":"https:\/\/sites.ecclesia.pt\/cv\/wp-json\/wp\/v2\/comments?post=16177"}],"version-history":[{"count":0,"href":"https:\/\/sites.ecclesia.pt\/cv\/wp-json\/wp\/v2\/posts\/16177\/revisions"}],"wp:attachment":[{"href":"https:\/\/sites.ecclesia.pt\/cv\/wp-json\/wp\/v2\/media?parent=16177"}],"wp:term":[{"taxonomy":"category","embeddable":true,"href":"https:\/\/sites.ecclesia.pt\/cv\/wp-json\/wp\/v2\/categories?post=16177"},{"taxonomy":"post_tag","embeddable":true,"href":"https:\/\/sites.ecclesia.pt\/cv\/wp-json\/wp\/v2\/tags?post=16177"}],"curies":[{"name":"wp","href":"https:\/\/api.w.org\/{rel}","templated":true}]}}