{"id":16202,"date":"2006-04-03T14:44:00","date_gmt":"2006-04-03T14:44:00","guid":{"rendered":"http:\/\/localhost:81\/wp1\/?p=16202"},"modified":"2006-04-03T14:44:00","modified_gmt":"2006-04-03T14:44:00","slug":"primeiro-contentor-ja-saiu-do-porto-de-aveiro","status":"publish","type":"post","link":"https:\/\/sites.ecclesia.pt\/cv\/primeiro-contentor-ja-saiu-do-porto-de-aveiro\/","title":{"rendered":"Primeiro contentor j\u00e1 saiu do Porto de Aveiro"},"content":{"rendered":"<p>Rumo a Lwena <!--more--> No dia 1 de Julho, quinta-feira, saiu do Porto de Aveiro, para Leix\u00f5es, onde embarcar\u00e1 rumo a Lwena, Angola, o primeiro contentor com carga variada. O segundo seguir\u00e1 em breve. Como temos vindo a noticiar, esta \u00e9 mais uma iniciativa do Secretariado Diocesano de Anima\u00e7\u00e3o Mission\u00e1ria, bem apoiada pelos 15 jovens que seguir\u00e3o em F\u00e9rias Mission\u00e1rias, ainda este m\u00eas, para o Brasil, Guin\u00e9-Bissau, Mo\u00e7ambique e Angola.<\/p>\n<p>Correio do Vouga quis testemunhar a az\u00e1fama da partida no Porto de Pesca Costeira. Respons\u00e1veis pelo Secretariado e jovens entregaram-se com afinco \u00e0 tarefa de encher o contentor das mais diversas ofertas, desde 30 bicicletas, roupas, livros, papel, quatro toneladas de sal embalado, cadeiras, mesas, sapatos, brinquedos, tintas, azulejos e cereais, entre muitos outras. <\/p>\n<p>Os jovens mission\u00e1rios que v\u00e3o para Angola v\u00e3o ter a miss\u00e3o de colaborar na descarga dos contentores, no Porto de Luanda, estando j\u00e1 assegurada a entrega aos padres salesianos, em Lwena, de tudo quanto saiu de Aveiro. Colaboraram nesta recolha de donativos, fundamentalmente, os arciprestados de Aveiro, \u00cdlhavo, \u00c1gueda, Estarreja e Sever do Vouga, bem como outras pessoas e empresas da Diocese de Aveiro.<\/p>\n<p>De real\u00e7ar o empenho dos jovens mission\u00e1rios e a preciosa colabora\u00e7\u00e3o e generosidade de tanta gente que contribuiu para que esta iniciativa do Secretariado Diocesano de Anima\u00e7\u00e3o Mission\u00e1ria tivesse alcan\u00e7ado um \u00eaxito t\u00e3o grande, em favor do povo de Lwena.<\/p>\n","protected":false},"excerpt":{"rendered":"<p>Rumo a Lwena<\/p>\n","protected":false},"author":1,"featured_media":0,"comment_status":"open","ping_status":"open","sticky":false,"template":"","format":"standard","meta":{"footnotes":""},"categories":[44],"tags":[],"class_list":["post-16202","post","type-post","status-publish","format-standard","hentry","category-igreja"],"_links":{"self":[{"href":"https:\/\/sites.ecclesia.pt\/cv\/wp-json\/wp\/v2\/posts\/16202","targetHints":{"allow":["GET"]}}],"collection":[{"href":"https:\/\/sites.ecclesia.pt\/cv\/wp-json\/wp\/v2\/posts"}],"about":[{"href":"https:\/\/sites.ecclesia.pt\/cv\/wp-json\/wp\/v2\/types\/post"}],"author":[{"embeddable":true,"href":"https:\/\/sites.ecclesia.pt\/cv\/wp-json\/wp\/v2\/users\/1"}],"replies":[{"embeddable":true,"href":"https:\/\/sites.ecclesia.pt\/cv\/wp-json\/wp\/v2\/comments?post=16202"}],"version-history":[{"count":0,"href":"https:\/\/sites.ecclesia.pt\/cv\/wp-json\/wp\/v2\/posts\/16202\/revisions"}],"wp:attachment":[{"href":"https:\/\/sites.ecclesia.pt\/cv\/wp-json\/wp\/v2\/media?parent=16202"}],"wp:term":[{"taxonomy":"category","embeddable":true,"href":"https:\/\/sites.ecclesia.pt\/cv\/wp-json\/wp\/v2\/categories?post=16202"},{"taxonomy":"post_tag","embeddable":true,"href":"https:\/\/sites.ecclesia.pt\/cv\/wp-json\/wp\/v2\/tags?post=16202"}],"curies":[{"name":"wp","href":"https:\/\/api.w.org\/{rel}","templated":true}]}}