{"id":16203,"date":"2006-04-03T14:44:00","date_gmt":"2006-04-03T14:44:00","guid":{"rendered":"http:\/\/localhost:81\/wp1\/?p=16203"},"modified":"2006-04-03T14:44:00","modified_gmt":"2006-04-03T14:44:00","slug":"analisar-o-presente-e-projectar-o-futuro","status":"publish","type":"post","link":"https:\/\/sites.ecclesia.pt\/cv\/analisar-o-presente-e-projectar-o-futuro\/","title":{"rendered":"Analisar o presente e projectar o futuro"},"content":{"rendered":"<p>ACR em Assembleia <!--more--> Nos dias 10 e 11 de Julho, em Viseu, vai decorrer a Assembleia Delegada da Ac\u00e7\u00e3o Cat\u00f3lica Rural (ACR), esperando-se a participa\u00e7\u00e3o de 200 militantes daquela organiza\u00e7\u00e3o cat\u00f3lica e de dezenas de convidados. A Assembleia inicia-se com uma caracteriza\u00e7\u00e3o das dioceses, a que se segue a apresenta\u00e7\u00e3o dos resultados dos inqu\u00e9ritos a que responderam militantes, equipas diocesanas, assistentes e bispos.<\/p>\n<p>Pelas respostas recebidas, pode concluir-se que foram realizadas ac\u00e7\u00f5es concretas, em todos os contextos, mas com relev\u00e2ncia para a \u00e1rea do apoio ao idoso. Em rela\u00e7\u00e3o ao futuro, aposta-se no sentido da ACR trabalhar mais no cap\u00edtulo da fam\u00edlia e de um modo especial no sector dos idosos.<\/p>\n<p>Tamb\u00e9m merece destaque, no contexto econ\u00f3mico, a preocupa\u00e7\u00e3o com o consumismo e com a gest\u00e3o de recursos. E na \u00e1rea cultural merece realce a preocupa\u00e7\u00e3o com o ambiente e com o patrim\u00f3nio. Entretanto, foi sublinhada a aposta que a ACR deve fazer ao n\u00edvel da forma\u00e7\u00e3o e da  participa\u00e7\u00e3o nas estruturas existentes nas diversas dioceses.<\/p>\n<p>O doutor Jos\u00e9 Pureza vai intervir na Assembleia para fazer uma leitura prospectiva da realidade, abrangendo aspectos sociais, econ\u00f3micos, culturais e religiosos. No final, ainda ser\u00e3o apresentados os \u201cFundamentos Teol\u00f3gicos da ACR\u201d e as linhas de for\u00e7a para o programa de 2004 a 2007.<\/p>\n","protected":false},"excerpt":{"rendered":"<p>ACR em Assembleia<\/p>\n","protected":false},"author":1,"featured_media":0,"comment_status":"open","ping_status":"open","sticky":false,"template":"","format":"standard","meta":{"footnotes":""},"categories":[44],"tags":[],"class_list":["post-16203","post","type-post","status-publish","format-standard","hentry","category-igreja"],"_links":{"self":[{"href":"https:\/\/sites.ecclesia.pt\/cv\/wp-json\/wp\/v2\/posts\/16203","targetHints":{"allow":["GET"]}}],"collection":[{"href":"https:\/\/sites.ecclesia.pt\/cv\/wp-json\/wp\/v2\/posts"}],"about":[{"href":"https:\/\/sites.ecclesia.pt\/cv\/wp-json\/wp\/v2\/types\/post"}],"author":[{"embeddable":true,"href":"https:\/\/sites.ecclesia.pt\/cv\/wp-json\/wp\/v2\/users\/1"}],"replies":[{"embeddable":true,"href":"https:\/\/sites.ecclesia.pt\/cv\/wp-json\/wp\/v2\/comments?post=16203"}],"version-history":[{"count":0,"href":"https:\/\/sites.ecclesia.pt\/cv\/wp-json\/wp\/v2\/posts\/16203\/revisions"}],"wp:attachment":[{"href":"https:\/\/sites.ecclesia.pt\/cv\/wp-json\/wp\/v2\/media?parent=16203"}],"wp:term":[{"taxonomy":"category","embeddable":true,"href":"https:\/\/sites.ecclesia.pt\/cv\/wp-json\/wp\/v2\/categories?post=16203"},{"taxonomy":"post_tag","embeddable":true,"href":"https:\/\/sites.ecclesia.pt\/cv\/wp-json\/wp\/v2\/tags?post=16203"}],"curies":[{"name":"wp","href":"https:\/\/api.w.org\/{rel}","templated":true}]}}