{"id":16204,"date":"2006-04-03T14:44:00","date_gmt":"2006-04-03T14:44:00","guid":{"rendered":"http:\/\/localhost:81\/wp1\/?p=16204"},"modified":"2006-04-03T14:44:00","modified_gmt":"2006-04-03T14:44:00","slug":"e-demais","status":"publish","type":"post","link":"https:\/\/sites.ecclesia.pt\/cv\/e-demais\/","title":{"rendered":"\u00c9 demais!"},"content":{"rendered":"<p>Ponta de Lan\u00e7a <!--more--> Ningu\u00e9m ter\u00e1 ficado indiferente ao movimento patri\u00f3tico que o Euro provocou na  portugalidade, nessa p\u00e1tria imensa que \u00e9 a \u201cnossa l\u00edngua\u201d!<\/p>\n<p>Uns ignoraram o dinamismo social, a catarse comum e fixaram a sua observa\u00e7\u00e3o sob o prisma douto; outros encararam o fen\u00f3meno como express\u00e3o da alma de uma p\u00e1tria, de um povo; um terceiro grupo radicou o seu entusiasmo na empatia colectiva, no carisma que o desporto tem para congregar; finalmente, um quarto grupo n\u00e3o pensou em nada: foi para a rua e prontos: toma l\u00e1 disto que \u00e9 nacional, estamos a ganhar somos os maiores! <\/p>\n<p>Mas ningu\u00e9m deixou de sentir, temos a certeza, quanta injusti\u00e7a se jogou no querer de um povo!<\/p>\n<p>No sofrimento que o euro provocou est\u00e1 a nossa hist\u00f3ria, uma hist\u00f3ria de saudade, de nevoeiro, de fado, de profecia, de trag\u00e9dia. Se \u00e0 Gr\u00e9cia se deve a inven\u00e7\u00e3o da transcendente mitologia tr\u00e1gica, \u00e9 a Portugal, nessa mesma terra por onde passou Ulisses, que se  deve a experimenta\u00e7\u00e3o.<\/p>\n<p>Na epopeia de Cam\u00f5es fomos para al\u00e9m da Taprobana. Com sarc\u00e1stica ironia, foi \u00e0 beira Tejo que terminou esta aventura lusitana.<\/p>\n<p>E depois disto, ficamos com a sensa\u00e7\u00e3o profunda de que as nossas vit\u00f3rias, ou derrotas, carregam sobre si qualquer coisa mais que a simples sorte de um jogo! <\/p>\n<p>H\u00e1 algum superior que nos indica o grande feito que n\u00e3o est\u00e1 feito: a epopeia s\u00f3 agora come\u00e7ou! A nossa miss\u00e3o \u00e9 ganhar!<\/p>\n<p>Desportivamente\u2026 pelo desporto!<\/p>\n","protected":false},"excerpt":{"rendered":"<p>Ponta de Lan\u00e7a<\/p>\n","protected":false},"author":1,"featured_media":0,"comment_status":"open","ping_status":"open","sticky":false,"template":"","format":"standard","meta":{"footnotes":""},"categories":[46],"tags":[],"class_list":["post-16204","post","type-post","status-publish","format-standard","hentry","category-desporto"],"_links":{"self":[{"href":"https:\/\/sites.ecclesia.pt\/cv\/wp-json\/wp\/v2\/posts\/16204","targetHints":{"allow":["GET"]}}],"collection":[{"href":"https:\/\/sites.ecclesia.pt\/cv\/wp-json\/wp\/v2\/posts"}],"about":[{"href":"https:\/\/sites.ecclesia.pt\/cv\/wp-json\/wp\/v2\/types\/post"}],"author":[{"embeddable":true,"href":"https:\/\/sites.ecclesia.pt\/cv\/wp-json\/wp\/v2\/users\/1"}],"replies":[{"embeddable":true,"href":"https:\/\/sites.ecclesia.pt\/cv\/wp-json\/wp\/v2\/comments?post=16204"}],"version-history":[{"count":0,"href":"https:\/\/sites.ecclesia.pt\/cv\/wp-json\/wp\/v2\/posts\/16204\/revisions"}],"wp:attachment":[{"href":"https:\/\/sites.ecclesia.pt\/cv\/wp-json\/wp\/v2\/media?parent=16204"}],"wp:term":[{"taxonomy":"category","embeddable":true,"href":"https:\/\/sites.ecclesia.pt\/cv\/wp-json\/wp\/v2\/categories?post=16204"},{"taxonomy":"post_tag","embeddable":true,"href":"https:\/\/sites.ecclesia.pt\/cv\/wp-json\/wp\/v2\/tags?post=16204"}],"curies":[{"name":"wp","href":"https:\/\/api.w.org\/{rel}","templated":true}]}}