{"id":16205,"date":"2006-04-03T14:44:00","date_gmt":"2006-04-03T14:44:00","guid":{"rendered":"http:\/\/localhost:81\/wp1\/?p=16205"},"modified":"2006-04-03T14:44:00","modified_gmt":"2006-04-03T14:44:00","slug":"no-melhor-campeonato-de-sempre-portugal-nao-baixa-a-bandeira-e-espera-o-mundial-na-alemanha","status":"publish","type":"post","link":"https:\/\/sites.ecclesia.pt\/cv\/no-melhor-campeonato-de-sempre-portugal-nao-baixa-a-bandeira-e-espera-o-mundial-na-alemanha\/","title":{"rendered":"No melhor Campeonato de sempre Portugal n\u00e3o baixa a Bandeira e espera o Mundial, na Alemanha"},"content":{"rendered":"<p>EURO 2004 <!--more--> A Selec\u00e7\u00e3o Portuguesa perdeu com a Grega por uma bola a zero, no derradeiro jogo do EURO2004. <\/p>\n<p>Portugal dominou praticamente o jogo, mas na sequ\u00eancia de um canto, Charisteas aos 57 minutos, deitou por terra todas as aspira\u00e7\u00f5es portuguesas. A Gr\u00e9cia jogou quase sempre na defesa, espreitando o contra ataque e, depois do golo, defenderam como puderam segurando a magra vantagem do marcador.<\/p>\n<p>No final, o desalento na cara dos portugueses, esteve t\u00e3o perto\u2026 Scolari, ao seu jeito e claramente emocionado, pediu desculpa de n\u00e3o se ter conquistado o t\u00edtulo e prometeu trabalho para a conquista do Mundial a disputar na Alemanha em 2006.<\/p>\n<p>Mesmo com a derrota muitos foram os portugueses que vieram para as ruas festejar, afinal foi a melhor classifica\u00e7\u00e3o de sempre conseguida por uma selec\u00e7\u00e3o nacional.<\/p>\n<p>Por esse mundo fora (Timor, Luxemburgo, Venezuela, Canad\u00e1, Palop\u2019s, etc.) bandeiras verdes e vermelhas anunciavam, para os mais desatentos, uma vit\u00f3ria portuguesa, mas apenas festejavam o segundo lugar. <\/p>\n<p>Sem Palvras\u2026 Ou o melhor de sempre!<\/p>\n<p>Por outro lado, a UEFA, n\u00e3o tem palavras para definir este Campeonato da Europa. <\/p>\n<p>O presidente da UEFA, Lennart Johansson, aproveitou sexta-feira a visita do Comit\u00e9 Executivo do organismo \u00e0s instala\u00e7\u00f5es da nova sede da Federa\u00e7\u00e3o Portuguesa de Futebol para tecer mais elogios \u00e0 organiza\u00e7\u00e3o do Euro2004.<\/p>\n<p>Dias depois da UEFA ter considerado o Euro2004 \u201co melhor Europeu de sempre\u201d, Johansson fez quest\u00e3o de destacar a capacidade organizadora \u201cde um pequeno pa\u00eds como Portugal\u201d.<\/p>\n<p>\u201cA UEFA est\u00e1 orgulhosa por ter escolhido Portugal para organizar o Euro2004. \u00c9 sem d\u00favida o melhor Europeu de sempre. Um pequeno pa\u00eds como Portugal provou que \u00e9 capaz de organizar esta grande competi\u00e7\u00e3o\u201d, salientou.<\/p>\n<p>A sintonia do povo portugu\u00eas no apoio \u00e0 selec\u00e7\u00e3o anfitri\u00e3 foi outro dos factores que mereceu palavras especiais do presidente da UEFA, sensibilizado com o facto de \u201cPortugal inteiro, de Norte a Sul do pa\u00eds\u201d, ter exibido a sua bandeira nacional.<\/p>\n<p>O \u201cfutebol de ataque\u201d exibido nos jogos do torneio e a inexist\u00eancia de casos de \u201chooliganismo\u201d mereceram tamb\u00e9m as felicita\u00e7\u00f5es de Johansson.<\/p>\n<p>Por seu turno, o presidente da FPF e da Sociedade Euro2004, Gilberto Mada\u00edl, destacou que este torneio \u201cfoi o que mais receitas gerou para a UEFA\u201d, frisando igualmente que a competi\u00e7\u00e3o foi um \u00eaxito desportivo.<\/p>\n<p>Em jeito de consola\u00e7\u00e3o, mas de grande orgulho para todos n\u00f3s, o director de comunica\u00e7\u00e3o da UEFA, William Gaillard, disse: \u201cToda a gente que aqui esteve levar\u00e1 a certeza de que \u00e9 Portugal o verdadeiro vencedor desta competi\u00e7\u00e3o, devido \u00e0 excelente organiza\u00e7\u00e3o e gentileza e simpatia demonstradas\u201d. <\/p>\n<p>4 Portugueses na Equipa ideal<\/p>\n<p>Foi anunciada na segunda feira a equipa ideal do Euro2004. Do rol de \u201cestrelas\u201d fazem parte 4 portugueses, o central Ricardo Carvalho, os m\u00e9dios Lu\u00eds Figo e Maniche e o extremo Cristiano Ronaldo.<\/p>\n<p>Para a Comiss\u00e3o T\u00e9cnica da UEFA, Ricardo Carvalho foi \u201cinfluente\u201d, enquanto Figo foi distinguido \u201cn\u00e3o s\u00f3 pela sua excel\u00eancia e influ\u00eancia em campo, como pelo seu car\u00e1cter (\u2026) Figo foi incr\u00edvel fez um jogo magn\u00edfico frente \u00e0 Holanda\u201d, Maniche foi \u201cfant\u00e1stico e um dos melhores jogadores do torneio a fazer passes (\u2026) E marcou aquele golo sensacional nas meias-finais (no jogo com a Holanda)\u201d , recordou Andy Roxburgh o porta-voz da Comiss\u00e3o T\u00e9cnica de oito elementos, que elegeram a equipa de \u201cestrelas\u201d. Sobre o jovem Cristiano Ronaldo, o franc\u00eas G\u00e9rard Houllier, tamb\u00e9m membro da comiss\u00e3o, afirmou que a \u201crevela\u00e7\u00e3o confirmou-se\u201d durante o Euro2004.<\/p>\n<p>O \u201ccapit\u00e3o\u201d grego Theodoros Zagorakis foi eleito como o melhor jogador do torneio.<\/p>\n<p>RUI COSTA &#8211; O Perfume<\/p>\n<p>No rescaldo deste EURO, uma not\u00edcia esperada mas sempre triste, Rui Costa, o nosso n\u00ba 10, deixa a selec\u00e7\u00e3o. O nosso futebol fica mais pobre, e mais, permitam-me a express\u00e3o, sem cheiro, nem melodia. As jogadas do Rui emanavam perfume e m\u00fasica! Antes do adeus, presenteou-nos com uma verdadeira sinfonia: aquele golo contra a Inglaterra! Obrigado \u201cmaestro\u201d, Obrigado RUI!<\/p>\n","protected":false},"excerpt":{"rendered":"<p>EURO 2004<\/p>\n","protected":false},"author":1,"featured_media":0,"comment_status":"open","ping_status":"open","sticky":false,"template":"","format":"standard","meta":{"footnotes":""},"categories":[46],"tags":[],"class_list":["post-16205","post","type-post","status-publish","format-standard","hentry","category-desporto"],"_links":{"self":[{"href":"https:\/\/sites.ecclesia.pt\/cv\/wp-json\/wp\/v2\/posts\/16205","targetHints":{"allow":["GET"]}}],"collection":[{"href":"https:\/\/sites.ecclesia.pt\/cv\/wp-json\/wp\/v2\/posts"}],"about":[{"href":"https:\/\/sites.ecclesia.pt\/cv\/wp-json\/wp\/v2\/types\/post"}],"author":[{"embeddable":true,"href":"https:\/\/sites.ecclesia.pt\/cv\/wp-json\/wp\/v2\/users\/1"}],"replies":[{"embeddable":true,"href":"https:\/\/sites.ecclesia.pt\/cv\/wp-json\/wp\/v2\/comments?post=16205"}],"version-history":[{"count":0,"href":"https:\/\/sites.ecclesia.pt\/cv\/wp-json\/wp\/v2\/posts\/16205\/revisions"}],"wp:attachment":[{"href":"https:\/\/sites.ecclesia.pt\/cv\/wp-json\/wp\/v2\/media?parent=16205"}],"wp:term":[{"taxonomy":"category","embeddable":true,"href":"https:\/\/sites.ecclesia.pt\/cv\/wp-json\/wp\/v2\/categories?post=16205"},{"taxonomy":"post_tag","embeddable":true,"href":"https:\/\/sites.ecclesia.pt\/cv\/wp-json\/wp\/v2\/tags?post=16205"}],"curies":[{"name":"wp","href":"https:\/\/api.w.org\/{rel}","templated":true}]}}