{"id":16209,"date":"2006-04-03T14:44:00","date_gmt":"2006-04-03T14:44:00","guid":{"rendered":"http:\/\/localhost:81\/wp1\/?p=16209"},"modified":"2006-04-03T14:44:00","modified_gmt":"2006-04-03T14:44:00","slug":"fogos-florestais","status":"publish","type":"post","link":"https:\/\/sites.ecclesia.pt\/cv\/fogos-florestais\/","title":{"rendered":"Fogos florestais"},"content":{"rendered":"<p>\u00daltima Coluna <!--more--> Ainda mal o Ver\u00e3o come\u00e7ou e j\u00e1 n\u00e3o faltam fogos nas matas portuguesas, levando a dramas de todos conhecidos. Cada reportagem, ao mostrar as chamas devastadoras, n\u00e3o esconde as l\u00e1grimas de quem viu arder, num \u00e1pice, o trabalho de d\u00e9cadas. E no entanto, depois do que aconteceu no ano passado, anunciaram-se in\u00fameras medidas de preven\u00e7\u00e3o e de ataques \u00e0s chamas, algumas mesmo inovadoras.<\/p>\n<p>O Sistema Nacional de Preven\u00e7\u00e3o e Protec\u00e7\u00e3o Florestal Contra Inc\u00eandios, aprovado no \u00e2mbito do desastre de 2003, alerta para a urg\u00eancia de todos respeitarmos a proibi\u00e7\u00e3o, at\u00e9 30 de Setembro, de fazer lume, acender fogueiras, realizar queimadas e lan\u00e7ar foguetes nas \u00e1reas florestais e agr\u00edcolas, p\u00f4de ler-se no \u201cP\u00daBLICO\u201d. Ora, esta decis\u00e3o governamental tem fundamento na estat\u00edstica, que indica, como causa dos inc\u00eandios, na ordem dos 19 por cento, o uso intencional do fogo para a renova\u00e7\u00e3o das pastagens.<\/p>\n<p>Por isso, o Governo j\u00e1 amea\u00e7ou com coimas entre os 200 e os 44 500 euros, a aplicar a quem der origem a fogos, entre Julho a Setembro. E no lote dessa origem consta o acto de fumar ou atirar beatas para os terrenos pela janela do autom\u00f3vel, trabalhar nas florestas com recurso a maquinaria, desinfestar api\u00e1rios com fumigadores, usar motores de combust\u00e3o interna com escapes desprotegidos e sem tapa-chamas. <\/p>\n<p>O Sistema Nacional de Protec\u00e7\u00e3o diz ainda que nas propriedades florestais deve manter-se uma faixa de dez metros junta \u00e0s estradas e vias f\u00e9rreas, acrescentando que, nas casas em espa\u00e7os rurais, essa faixa de protec\u00e7\u00e3o deve ter 50 metros.<\/p>\n<p>F.M.<\/p>\n","protected":false},"excerpt":{"rendered":"<p>\u00daltima Coluna<\/p>\n","protected":false},"author":1,"featured_media":0,"comment_status":"open","ping_status":"open","sticky":false,"template":"","format":"standard","meta":{"footnotes":""},"categories":[61],"tags":[],"class_list":["post-16209","post","type-post","status-publish","format-standard","hentry","category-actualidade"],"_links":{"self":[{"href":"https:\/\/sites.ecclesia.pt\/cv\/wp-json\/wp\/v2\/posts\/16209","targetHints":{"allow":["GET"]}}],"collection":[{"href":"https:\/\/sites.ecclesia.pt\/cv\/wp-json\/wp\/v2\/posts"}],"about":[{"href":"https:\/\/sites.ecclesia.pt\/cv\/wp-json\/wp\/v2\/types\/post"}],"author":[{"embeddable":true,"href":"https:\/\/sites.ecclesia.pt\/cv\/wp-json\/wp\/v2\/users\/1"}],"replies":[{"embeddable":true,"href":"https:\/\/sites.ecclesia.pt\/cv\/wp-json\/wp\/v2\/comments?post=16209"}],"version-history":[{"count":0,"href":"https:\/\/sites.ecclesia.pt\/cv\/wp-json\/wp\/v2\/posts\/16209\/revisions"}],"wp:attachment":[{"href":"https:\/\/sites.ecclesia.pt\/cv\/wp-json\/wp\/v2\/media?parent=16209"}],"wp:term":[{"taxonomy":"category","embeddable":true,"href":"https:\/\/sites.ecclesia.pt\/cv\/wp-json\/wp\/v2\/categories?post=16209"},{"taxonomy":"post_tag","embeddable":true,"href":"https:\/\/sites.ecclesia.pt\/cv\/wp-json\/wp\/v2\/tags?post=16209"}],"curies":[{"name":"wp","href":"https:\/\/api.w.org\/{rel}","templated":true}]}}