{"id":16213,"date":"2006-04-03T14:44:00","date_gmt":"2006-04-03T14:44:00","guid":{"rendered":"http:\/\/localhost:81\/wp1\/?p=16213"},"modified":"2006-04-03T14:44:00","modified_gmt":"2006-04-03T14:44:00","slug":"pastorinhos-santos-em-2005","status":"publish","type":"post","link":"https:\/\/sites.ecclesia.pt\/cv\/pastorinhos-santos-em-2005\/","title":{"rendered":"Pastorinhos santos em 2005?"},"content":{"rendered":"<p>Dias Positivos <!--more--> \u201cA canoniza\u00e7\u00e3o dos pastorinhos dever\u00e1 acontecer j\u00e1 em 2005, provavelmente no pr\u00f3ximo 13 de Maio\u201d, afirmou \u00e0 revista Not\u00edcias Magazine (03-10-2004) o padre Lu\u00eds Kondor, vice-postulador para a causa dos pastorinhos. Tendo a beatifica\u00e7\u00e3o decorrido em 2000, faltava um milagre para a canoniza\u00e7\u00e3o, conforme exige o processo. Segundo o padre Kondor, o milagre aconteceu na Su\u00ed\u00e7a, no seio de uma fam\u00edlia portuguesa. \u201cEm 1999 \u2013 conta o padre h\u00fangaro da Congrega\u00e7\u00e3o do Verbo Divino, a viver em Portugal desde 1954 \u2013, o casal teve um filho, a quem chamou Filipe. O beb\u00e9 nasceu com graves problemas de sa\u00fade e foi-lhe diagnosticada uma doen\u00e7a rara e incur\u00e1vel, a diabetes melitus do tipo 1, o mais grave. Os m\u00e9dicos su\u00ed\u00e7os colocaram-lhe uma bomba autom\u00e1tica de insulina permanentemente ligada ao corpo, chamada H-Tron Plus, e a crian\u00e7a foi sendo acompanhada no hospital de Lausanne. Desesperados com a doen\u00e7a do Filipe, os pais baptizaram-no em Portugal, quando a sua esperan\u00e7a de vida era muito reduzida. O baptismo aconteceu na altura em que o milagre de Maria Em\u00edlia, a senhora que come\u00e7ou a andar depois de ter estado vinte anos numa cama, fen\u00f3meno que levou \u00e0 beatifica\u00e7\u00e3o de Jacinta e Francisco, foi amplamente noticiado. A fam\u00edlia do Filipe decidiu ir com ele a F\u00e1tima. Carregaram-no de joelhos entre a cruz alta e a igreja e colocaram-no em cima do t\u00famulo dos pastorinhos. Estavam convencidos de que o iam curar, mas nada aconteceu. Meses depois, a 13 de Maio de 2000, o casal assistiu \u00e0 cerim\u00f3nia de beatifica\u00e7\u00e3o dos pastorinhos pela televis\u00e3o. Quando o Papa deu a b\u00ean\u00e7\u00e3o final, a m\u00e3e aproximou-se do ecr\u00e3 e rezou. No dia seguinte o registo do aparelho de insulina mostrava valores anormais. A m\u00e3e correu com o Filipe para o hospital de Lausanne. Para surpresa dos m\u00e9dicos, o Filipe deixou de precisar de insulina e curou-se. Hoje, com cinco anos, \u00e9 uma crian\u00e7a normal\u201d.<\/p>\n<p>Para comprovar o milagre foi necess\u00e1rio recolher relat\u00f3rios de peritos internacionais, pois \u201co Vaticano \u00e9 rigoros\u00edssimo na avalia\u00e7\u00e3o de um milagre\u201d, refere o padre Kondor \u00e0 Revista Not\u00edcias Magazine. Agora, numa fase em que o processo ainda decorre em Leiria, o tribunal desta diocese vai nomear dois elementos que v\u00e3o ouvir todas as partes. De seguida, o processo ir\u00e1 para Roma. A palavra final pertence a Jo\u00e3o Paulo II. Como \u201co milagre \u00e9 muito simples e est\u00e1 muito bem documentado\u201d, o padre vice-postulador est\u00e1 confiante que em 2005 a Igreja vai proclamar \u201csantos\u201d a Jacinta e o Francisco. Ser\u00e3o as primeiras crian\u00e7as canonizadas.<\/p>\n","protected":false},"excerpt":{"rendered":"<p>Dias Positivos<\/p>\n","protected":false},"author":1,"featured_media":0,"comment_status":"open","ping_status":"open","sticky":false,"template":"","format":"standard","meta":{"footnotes":""},"categories":[62],"tags":[],"class_list":["post-16213","post","type-post","status-publish","format-standard","hentry","category-opiniao"],"_links":{"self":[{"href":"https:\/\/sites.ecclesia.pt\/cv\/wp-json\/wp\/v2\/posts\/16213","targetHints":{"allow":["GET"]}}],"collection":[{"href":"https:\/\/sites.ecclesia.pt\/cv\/wp-json\/wp\/v2\/posts"}],"about":[{"href":"https:\/\/sites.ecclesia.pt\/cv\/wp-json\/wp\/v2\/types\/post"}],"author":[{"embeddable":true,"href":"https:\/\/sites.ecclesia.pt\/cv\/wp-json\/wp\/v2\/users\/1"}],"replies":[{"embeddable":true,"href":"https:\/\/sites.ecclesia.pt\/cv\/wp-json\/wp\/v2\/comments?post=16213"}],"version-history":[{"count":0,"href":"https:\/\/sites.ecclesia.pt\/cv\/wp-json\/wp\/v2\/posts\/16213\/revisions"}],"wp:attachment":[{"href":"https:\/\/sites.ecclesia.pt\/cv\/wp-json\/wp\/v2\/media?parent=16213"}],"wp:term":[{"taxonomy":"category","embeddable":true,"href":"https:\/\/sites.ecclesia.pt\/cv\/wp-json\/wp\/v2\/categories?post=16213"},{"taxonomy":"post_tag","embeddable":true,"href":"https:\/\/sites.ecclesia.pt\/cv\/wp-json\/wp\/v2\/tags?post=16213"}],"curies":[{"name":"wp","href":"https:\/\/api.w.org\/{rel}","templated":true}]}}