{"id":16214,"date":"2006-04-03T14:44:00","date_gmt":"2006-04-03T14:44:00","guid":{"rendered":"http:\/\/localhost:81\/wp1\/?p=16214"},"modified":"2006-04-03T14:44:00","modified_gmt":"2006-04-03T14:44:00","slug":"100-anos-de-graham-greene","status":"publish","type":"post","link":"https:\/\/sites.ecclesia.pt\/cv\/100-anos-de-graham-greene\/","title":{"rendered":"100 anos de Graham Greene"},"content":{"rendered":"<p>\u00c0 margem <!--more--> Graham Greene, talvez o \u00faltimo dos escritores cat\u00f3licos, nasceu h\u00e1 cem anos (2-10-1904; morreu a 3-04-1991). H\u00e1 mais escritores cat\u00f3licos, obviamente, mas Greene fazia parte de um grupo informal, com Bernanos e Mauriac, por exemplo, em que as quest\u00f5es e os dramas da f\u00e9 eram intr\u00ednsecos \u00e0 narrativa. E quanto a isso, foi insuper\u00e1vel. Para a hist\u00f3ria da literatura fica que Graham Greene, convertido e baptizado aos 22 anos, inventou o romance de espionagem (ele pr\u00f3prio espiou para o seu pa\u00eds, a Inglaterra, e durante a II Guerra Mundial foi respons\u00e1vel por seguir os espi\u00f5es nazis em Portugal). Mas para a compreens\u00e3o do esp\u00edrito humano (e crist\u00e3o) ficou a hist\u00f3ria do padre infiel, no M\u00e9xico anticlerical (\u201cO Poder e a Gl\u00f3ria\u201d), a do suicida que se mata por compaix\u00e3o (\u201cO N\u00f3 do Problema\u201d), o drama do adult\u00e9rio e o poder da ora\u00e7\u00e3o (\u201cO Fim da Aventura\u201d) ou as c\u00f3micas aventuras de \u201cMonsenhor Quixote\u201d. Todos estes t\u00edtulos est\u00e3o traduzidos. Quem preferir ver um filme veja em v\u00eddeo \u201cO Fim da Aventura\u201d e perceber\u00e1 como ser cat\u00f3lico nem sempre \u00e9 f\u00e1cil, mas \u00e9 grandioso.<\/p>\n","protected":false},"excerpt":{"rendered":"<p>\u00c0 margem<\/p>\n","protected":false},"author":1,"featured_media":0,"comment_status":"open","ping_status":"open","sticky":false,"template":"","format":"standard","meta":{"footnotes":""},"categories":[62],"tags":[],"class_list":["post-16214","post","type-post","status-publish","format-standard","hentry","category-opiniao"],"_links":{"self":[{"href":"https:\/\/sites.ecclesia.pt\/cv\/wp-json\/wp\/v2\/posts\/16214","targetHints":{"allow":["GET"]}}],"collection":[{"href":"https:\/\/sites.ecclesia.pt\/cv\/wp-json\/wp\/v2\/posts"}],"about":[{"href":"https:\/\/sites.ecclesia.pt\/cv\/wp-json\/wp\/v2\/types\/post"}],"author":[{"embeddable":true,"href":"https:\/\/sites.ecclesia.pt\/cv\/wp-json\/wp\/v2\/users\/1"}],"replies":[{"embeddable":true,"href":"https:\/\/sites.ecclesia.pt\/cv\/wp-json\/wp\/v2\/comments?post=16214"}],"version-history":[{"count":0,"href":"https:\/\/sites.ecclesia.pt\/cv\/wp-json\/wp\/v2\/posts\/16214\/revisions"}],"wp:attachment":[{"href":"https:\/\/sites.ecclesia.pt\/cv\/wp-json\/wp\/v2\/media?parent=16214"}],"wp:term":[{"taxonomy":"category","embeddable":true,"href":"https:\/\/sites.ecclesia.pt\/cv\/wp-json\/wp\/v2\/categories?post=16214"},{"taxonomy":"post_tag","embeddable":true,"href":"https:\/\/sites.ecclesia.pt\/cv\/wp-json\/wp\/v2\/tags?post=16214"}],"curies":[{"name":"wp","href":"https:\/\/api.w.org\/{rel}","templated":true}]}}