{"id":16215,"date":"2006-04-03T14:44:00","date_gmt":"2006-04-03T14:44:00","guid":{"rendered":"http:\/\/localhost:81\/wp1\/?p=16215"},"modified":"2006-04-03T14:44:00","modified_gmt":"2006-04-03T14:44:00","slug":"formacao-permanente-do-clero-3","status":"publish","type":"post","link":"https:\/\/sites.ecclesia.pt\/cv\/formacao-permanente-do-clero-3\/","title":{"rendered":"Forma\u00e7\u00e3o Permanente do Clero"},"content":{"rendered":"<p>Nos dias 19 e 20 de Outubro (3\u00aa e 4\u00aa feira) vai realizar-se a primeira sess\u00e3o da forma\u00e7\u00e3o permanente deste ano pastoral, especialmente dedicada aos presb\u00edteros e di\u00e1conos da Diocese, mas tamb\u00e9m aberta, dada a sua tem\u00e1tica, a consagrados ou leigos que nela queiram ou possam participar.<\/p>\n<p>Os trabalhos decorrem no Stella Maris da Gafanha da Nazar\u00e9, com in\u00edcio \u00e0s 9h30 e encerramento \u00e0s 17h30.<\/p>\n<p>O dia 19 ser\u00e1 totalmente dedicado \u00e0 Eucaristia, com duas confer\u00eancias por D. Ant\u00f3nio Marto, Bispo de Viseu. A parte final deste dia ser\u00e1 ainda ocupada pela planifica\u00e7\u00e3o de algumas iniciativas diocesanas, relacionadas como Ano da Eucaristia.<\/p>\n<p>O dia 20 ter\u00e1 como tema central a Concordata, com especial incid\u00eancia no que se refere \u00e0s pessoas jur\u00eddicas e ao regime fiscal. Outros temas ser\u00e3o tratados posteriormente. Orientar\u00e1 a reflex\u00e3o deste dia o Bispo da Diocese. <\/p>\n<p>No Stella Maris servir-se-\u00e1 o almo\u00e7o para os participantes que o desejarem. \u00c9 conveniente que os que desejam participar fa\u00e7am a sua inscri\u00e7\u00e3o at\u00e9 ao dia 15 para o Secretariado Diocesano de Pastoral \u2013 Rua Jos\u00e9 Est\u00eav\u00e3o, 50 -3800-201 Aveiro; Tel.: 234 377 436; E-mail: secpastoral@netvisao.pt<\/p>\n","protected":false},"excerpt":{"rendered":"<p>Nos dias 19 e 20 de Outubro (3\u00aa e 4\u00aa feira) vai realizar-se a primeira sess\u00e3o da forma\u00e7\u00e3o permanente deste ano pastoral, especialmente dedicada aos presb\u00edteros e di\u00e1conos da Diocese, mas tamb\u00e9m aberta, dada a sua tem\u00e1tica, a consagrados ou leigos que nela queiram ou possam participar. Os trabalhos decorrem no Stella Maris da Gafanha [&hellip;]<\/p>\n","protected":false},"author":1,"featured_media":0,"comment_status":"open","ping_status":"open","sticky":false,"template":"","format":"standard","meta":{"footnotes":""},"categories":[70],"tags":[],"class_list":["post-16215","post","type-post","status-publish","format-standard","hentry","category-diocese"],"_links":{"self":[{"href":"https:\/\/sites.ecclesia.pt\/cv\/wp-json\/wp\/v2\/posts\/16215","targetHints":{"allow":["GET"]}}],"collection":[{"href":"https:\/\/sites.ecclesia.pt\/cv\/wp-json\/wp\/v2\/posts"}],"about":[{"href":"https:\/\/sites.ecclesia.pt\/cv\/wp-json\/wp\/v2\/types\/post"}],"author":[{"embeddable":true,"href":"https:\/\/sites.ecclesia.pt\/cv\/wp-json\/wp\/v2\/users\/1"}],"replies":[{"embeddable":true,"href":"https:\/\/sites.ecclesia.pt\/cv\/wp-json\/wp\/v2\/comments?post=16215"}],"version-history":[{"count":0,"href":"https:\/\/sites.ecclesia.pt\/cv\/wp-json\/wp\/v2\/posts\/16215\/revisions"}],"wp:attachment":[{"href":"https:\/\/sites.ecclesia.pt\/cv\/wp-json\/wp\/v2\/media?parent=16215"}],"wp:term":[{"taxonomy":"category","embeddable":true,"href":"https:\/\/sites.ecclesia.pt\/cv\/wp-json\/wp\/v2\/categories?post=16215"},{"taxonomy":"post_tag","embeddable":true,"href":"https:\/\/sites.ecclesia.pt\/cv\/wp-json\/wp\/v2\/tags?post=16215"}],"curies":[{"name":"wp","href":"https:\/\/api.w.org\/{rel}","templated":true}]}}