{"id":16216,"date":"2006-04-03T14:44:00","date_gmt":"2006-04-03T14:44:00","guid":{"rendered":"http:\/\/localhost:81\/wp1\/?p=16216"},"modified":"2006-04-03T14:44:00","modified_gmt":"2006-04-03T14:44:00","slug":"queremos-comunicar-melhor-dialogar-com-todos-os-organismos-e-promover-uma-pastoral-juvenil-em-dinamica-vocacional","status":"publish","type":"post","link":"https:\/\/sites.ecclesia.pt\/cv\/queremos-comunicar-melhor-dialogar-com-todos-os-organismos-e-promover-uma-pastoral-juvenil-em-dinamica-vocacional\/","title":{"rendered":"&#8220;Queremos comunicar melhor, dialogar com todos os organismos e promover uma pastoral juvenil em din\u00e2mica vocacional&#8221;"},"content":{"rendered":"<p>Rui Barnab\u00e9, do Secretariado Diocesano da Pastoral Juvenil <!--more--> Os jovens da diocese de Aveiro encerraram ontem, 5 de Outubro, a caminhada sinodal, iniciada em Maio de 2003. No pr\u00f3ximo n\u00famero, o Correio do Vouga dar\u00e1 not\u00edcia dos trabalhos finais, bem como da abertura do ano pastoral. Entretanto, fomos conversar com o novo respons\u00e1vel do Secretariado Diocesano da Pastoral Juvenil (SDPJ), Rui Barnab\u00e9, di\u00e1cono, que nos falou dos projectos para 2004\/2005 e da nova equipa.<\/p>\n<p>Em que contexto se situam o novo secretariado e a pastoral juvenil, neste momento?<\/p>\n<p>Estamos conscientes de que temos uma hist\u00f3ria por detr\u00e1s, que \u00e9 preciso ter em conta. A Igreja tem manifestado preocupa\u00e7\u00e3o com os jovens. No contexto nacional, h\u00e1 as bases para a pastoral juvenil e vocacional, da Confer\u00eancia Episcopal Portuguesa. Em termos diocesanos, temos o S\u00ednodo da Diocese (1990-1995), o trabalho de doze anos da equipa anterior, liderada por Manuel Oliveira de Sousa, e a caminhada sinodal dos jovens, que agora encerra.<\/p>\n<p>Quais v\u00e3o ser as grande linhas da pastoral juvenil para este ano?<\/p>\n<p>Em primeiro lugar, temos de ter em conta que estamos no terceiro ano do plano pastoral que se intitula \u201cRejuvenescer a Igreja Diocesana com o Domingo e os Jovens\u201d. Por outro lado, 2004-2005 vai ser o Ano da Eucaristia. Ora, isso toca precisamente no lema que estava previsto: \u201cO Esp\u00edrito da Eucaristia gera fraternidade\u201d Muitas das nossas ac\u00e7\u00f5es v\u00e3o passar por aqui. Ao n\u00edvel do trabalho da equipa, temos quatro \u00e1reas em que apostamos muito: Comunica\u00e7\u00e3o e imagem; forma\u00e7\u00e3o; co-participa\u00e7\u00e3o; e voca\u00e7\u00e3o\/miss\u00e3o.<\/p>\n<p>Pode concretizar o trabalho de cada \u00e1rea?<\/p>\n<p>Quanto \u00e0 comunica\u00e7\u00e3o e imagem, queremos ter um logotipo, uma imagem de marca. Mas passa tamb\u00e9m pela renova\u00e7\u00e3o da p\u00e1gina da Internet, pela utiliza\u00e7\u00e3o do Correio do Vouga como ve\u00edculo de informa\u00e7\u00e3o e forma\u00e7\u00e3o, pela presen\u00e7a mensal no programa de r\u00e1dio que a Par\u00f3quia da Gl\u00f3ria nos faculta e, possivelmente, pela cria\u00e7\u00e3o de uma folha de liga\u00e7\u00e3o. Quanto \u00e0 forma\u00e7\u00e3o, queremos desenvolver seis temas ao longo do ano, temas de certa forma estanques, com a dura\u00e7\u00e3o de um dia apenas, para que cada animador possa participar nos que lhe interessar e sem preju\u00edzos para o seu trabalho. Os temas desses workshops ser\u00e3o, entre outros, \u201cpastoral juvenil em din\u00e2mica vocacional e mission\u00e1ria\u201d, \u201cgestos e s\u00edmbolos\u201d, \u201cnovas tecnologias\u201d, \u201cexpress\u00e3o dram\u00e1tica\u201d \u2013 tudo temas que achamos de grande utilidade para os animadores. No que diz respeito \u00e0 co-participa\u00e7\u00e3o e \u00e0 voca\u00e7\u00e3o\/miss\u00e3o, queremos trabalhar muito de perto com os diversos organismos que tamb\u00e9m centram a sua aten\u00e7\u00e3o nos jovens e em di\u00e1logo estrito com as equipas arciprestais e as par\u00f3quias. Por outro lado, vamos renovar o Conselho Diocesano de Pastoral Juvenil<\/p>\n<p>Por \u00faltimo, pretendemos dar continua\u00e7\u00e3o a v\u00e1rias actividades do secretariado anterior, como o itiner\u00e1rio espiritual, com as tr\u00eas fases: \u201cNascer de Novo\u201d, \u201cConv\u00edvio Fraterno\u201d e \u201cCaminho, Verdade e Vida\u201d.<\/p>\n<p>E quanto a Taiz\u00e9, visto que o Rui Barnab\u00e9 foi um dos jovens que esteve este Ver\u00e3o em Fran\u00e7a e em Dezembro vai haver a grande reuni\u00e3o europeia de \u201cJovens de Taiz\u00e9\u201d (in\u00edcio a 28 de Dezembro), em Lisboa?<\/p>\n<p>Estamos a colaborar na organiza\u00e7\u00e3o do encontro. As inscri\u00e7\u00f5es j\u00e1 est\u00e3o dispon\u00edveis. Dentro da pol\u00edtica de di\u00e1logo da equipa do Secretariado, iremos ao encontro das equipas arciprestais para apresentar o plano geral do ano e dinamizar a participa\u00e7\u00e3o no encontro europeu.<\/p>\n<p>O novo secretariado<\/p>\n<p>O novo respons\u00e1vel pelo SDPJ, Rui Banarb\u00e9, 25 anos, ordenado di\u00e1cono no dia 11 de Julho de 2004, concluiu o curso de Teologia (ISET &#8211; Coimbra) e prepara agora a tese de licenciatura, que versar\u00e1 o tema \u201cJesus Cristo, op\u00e7\u00e3o de liberdade, caminho de liberta\u00e7\u00e3o\u201d.<\/p>\n<p>Com Rui Barnab\u00e9, que desenvolve trabalho pastoral na par\u00f3quia de Esgueira (com o padre Joaquim Martins), v\u00e3o colaborar: Bruno Azevedo, 24 anos, designer, de Estarreja; Ondina Matos, 30 anos, enfermeira, de Esgueira; Ir. Maria Armanda Ramos; Daniel Sampaio, 21 anos, estudante de Engenharia Civil, de S. Bernardo; Catarina Pereira, 25 anos, produtora de conte\u00fados de TV, da Palha\u00e7a; Paulo Nunes, 26 anos, gestor de cr\u00e9dito, de \u00cdlhavo; e Nuno Peixinho, 28 anos, soci\u00f3logo, de Esgueira. Todos estes elementos trabalham ou trabalharam com jovens nas par\u00f3quias ou em movimentos como o dos escuteiros.<\/p>\n","protected":false},"excerpt":{"rendered":"<p>Rui Barnab\u00e9, do Secretariado Diocesano da Pastoral Juvenil<\/p>\n","protected":false},"author":1,"featured_media":0,"comment_status":"open","ping_status":"open","sticky":false,"template":"","format":"standard","meta":{"footnotes":""},"categories":[70],"tags":[],"class_list":["post-16216","post","type-post","status-publish","format-standard","hentry","category-diocese"],"_links":{"self":[{"href":"https:\/\/sites.ecclesia.pt\/cv\/wp-json\/wp\/v2\/posts\/16216","targetHints":{"allow":["GET"]}}],"collection":[{"href":"https:\/\/sites.ecclesia.pt\/cv\/wp-json\/wp\/v2\/posts"}],"about":[{"href":"https:\/\/sites.ecclesia.pt\/cv\/wp-json\/wp\/v2\/types\/post"}],"author":[{"embeddable":true,"href":"https:\/\/sites.ecclesia.pt\/cv\/wp-json\/wp\/v2\/users\/1"}],"replies":[{"embeddable":true,"href":"https:\/\/sites.ecclesia.pt\/cv\/wp-json\/wp\/v2\/comments?post=16216"}],"version-history":[{"count":0,"href":"https:\/\/sites.ecclesia.pt\/cv\/wp-json\/wp\/v2\/posts\/16216\/revisions"}],"wp:attachment":[{"href":"https:\/\/sites.ecclesia.pt\/cv\/wp-json\/wp\/v2\/media?parent=16216"}],"wp:term":[{"taxonomy":"category","embeddable":true,"href":"https:\/\/sites.ecclesia.pt\/cv\/wp-json\/wp\/v2\/categories?post=16216"},{"taxonomy":"post_tag","embeddable":true,"href":"https:\/\/sites.ecclesia.pt\/cv\/wp-json\/wp\/v2\/tags?post=16216"}],"curies":[{"name":"wp","href":"https:\/\/api.w.org\/{rel}","templated":true}]}}