{"id":16349,"date":"2006-04-03T14:44:00","date_gmt":"2006-04-03T14:44:00","guid":{"rendered":"http:\/\/localhost:81\/wp1\/?p=16349"},"modified":"2006-04-03T14:44:00","modified_gmt":"2006-04-03T14:44:00","slug":"criancas-em-risco-um-direito-e-um-dever","status":"publish","type":"post","link":"https:\/\/sites.ecclesia.pt\/cv\/criancas-em-risco-um-direito-e-um-dever\/","title":{"rendered":"Crian\u00e7as em risco: um direito e um dever"},"content":{"rendered":"<p>XXIII Semana Nacional da Pastoral Social <!--more--> Decorre, de 6 a 9 de Setembro, no Centro Paulo VI, em F\u00e1tima, a XXIII Semana Nacional da Pastoral Social. Em sess\u00f5es plen\u00e1rias da parte da manh\u00e3, com debate alargado, e em diversas \u201coficinas\u201d durante a tarde, v\u00e1rios especialistas abordar\u00e3o a realidade das crian\u00e7as em risco, as correntes ideol\u00f3gicas de solu\u00e7\u00e3o, o abandono, a viol\u00eancia, a adop\u00e7\u00e3o, riscos a que se encontra exposta a ac\u00e7\u00e3o da Igreja e originalidade da sua interven\u00e7\u00e3o.<\/p>\n<p>O tema deste ano constitui um tempo privilegiado de forma\u00e7\u00e3o e sensibiliza\u00e7\u00e3o para todos os agentes de ac\u00e7\u00e3o social, tanto nas par\u00f3quias e outras comunidades como nas institui\u00e7\u00f5es ou servi\u00e7os nacionais, diocesanos e locais.<\/p>\n","protected":false},"excerpt":{"rendered":"<p>XXIII Semana Nacional da Pastoral Social<\/p>\n","protected":false},"author":1,"featured_media":0,"comment_status":"open","ping_status":"open","sticky":false,"template":"","format":"standard","meta":{"footnotes":""},"categories":[38],"tags":[],"class_list":["post-16349","post","type-post","status-publish","format-standard","hentry","category-destaque"],"_links":{"self":[{"href":"https:\/\/sites.ecclesia.pt\/cv\/wp-json\/wp\/v2\/posts\/16349","targetHints":{"allow":["GET"]}}],"collection":[{"href":"https:\/\/sites.ecclesia.pt\/cv\/wp-json\/wp\/v2\/posts"}],"about":[{"href":"https:\/\/sites.ecclesia.pt\/cv\/wp-json\/wp\/v2\/types\/post"}],"author":[{"embeddable":true,"href":"https:\/\/sites.ecclesia.pt\/cv\/wp-json\/wp\/v2\/users\/1"}],"replies":[{"embeddable":true,"href":"https:\/\/sites.ecclesia.pt\/cv\/wp-json\/wp\/v2\/comments?post=16349"}],"version-history":[{"count":0,"href":"https:\/\/sites.ecclesia.pt\/cv\/wp-json\/wp\/v2\/posts\/16349\/revisions"}],"wp:attachment":[{"href":"https:\/\/sites.ecclesia.pt\/cv\/wp-json\/wp\/v2\/media?parent=16349"}],"wp:term":[{"taxonomy":"category","embeddable":true,"href":"https:\/\/sites.ecclesia.pt\/cv\/wp-json\/wp\/v2\/categories?post=16349"},{"taxonomy":"post_tag","embeddable":true,"href":"https:\/\/sites.ecclesia.pt\/cv\/wp-json\/wp\/v2\/tags?post=16349"}],"curies":[{"name":"wp","href":"https:\/\/api.w.org\/{rel}","templated":true}]}}