{"id":16350,"date":"2006-04-03T14:44:00","date_gmt":"2006-04-03T14:44:00","guid":{"rendered":"http:\/\/localhost:81\/wp1\/?p=16350"},"modified":"2006-04-03T14:44:00","modified_gmt":"2006-04-03T14:44:00","slug":"resultado-foi-positivo-e-animador","status":"publish","type":"post","link":"https:\/\/sites.ecclesia.pt\/cv\/resultado-foi-positivo-e-animador\/","title":{"rendered":"Resultado foi positivo e animador"},"content":{"rendered":"<p>Encontros de Ver\u00e3o do Bispo de Aveiro <!--more--> As tradicionais actividades pastorais, que o bispo da Diocese de Aveiro, D. Ant\u00f3nio Marcelino, realiza nas praias e termas situadas na \u00e1rea geogr\u00e1fica da diocese, tiveram, uma vez mais, resultados bastante positivos e animadores.<\/p>\n<p>No in\u00edcio do encontro de reflex\u00e3o realizado na praia da Costa Nova, o Bispo de Aveiro referiu que as pessoas que \u201caparecem est\u00e3o interessadas e desejosas de aprender e de aproveitar\u201d, como aconteceu com as mais de duas centenas de pessoas que participaram nos encontros realizados nas praias da Torreira, Barra, Costa Nova e nos dois encontros ocorridos na est\u00e2ncia termal da Curia, pelo que o resultado \u201c\u00e9 positivo. Dou por bem empregue o esfor\u00e7o que fa\u00e7o com estes encontros\u201d.<\/p>\n<p>Este ano, o tema escolhido para os encontros foi \u201cDepois da Eucaristia, o que se espera do crist\u00e3o que nela participou?\u201d, Tema bastante actual, j\u00e1 que em 2005 se assinala o Ano da Eucaristia. Com este tema, D. Ant\u00f3nio Marcelino pretendeu que \u201cos crist\u00e3os tomem cada vez mais consci\u00eancia da raz\u00e3o \u00abporque \u00e9 que vou \u00e0 missa?\u00bb, \u00abporque \u00e9 que eu participo?\u00bb, \u00abo que \u00e9 que isto representa para mim?\u00bb, \u00abo que de importante traz para a minha vida? E a minha vida depois \u00e9 a fam\u00edlia, a profiss\u00e3o e a sociedade\u00bb. A eucaristia n\u00e3o \u00e9 um acto que se fecha em si pr\u00f3prio, a eucaristia \u00e9 um acto para a vida das pr\u00f3prias pessoas. E \u00e9 a viv\u00eancia da f\u00e9 na eucaristia e da vida na pr\u00f3pria f\u00e9 que ajuda as pessoas a perceber o sentido da eucaristia\u201d, afirmou o bispo aveirense.<\/p>\n<p>Evangeliza\u00e7\u00e3o <\/p>\n<p>em tempo de f\u00e9rias<\/p>\n<p>O tema assume alguma import\u00e2ncia numa \u00e9poca em que parece decrescer o n\u00famero de pessoas que participa regularmente nas missas. No entanto, D. Ant\u00f3nio Marcelino desvaloriza um pouco essa opini\u00e3o, ao dizer que \u201ch\u00e1 pessoas que se impressionam com o facto de irem mais ou menos pessoas. Se a quantidade \u00e9 sempre importante, porque Deus est\u00e1 para todos e ao servi\u00e7o de todos, o que \u00e9 importante fundamentalmente \u00e9 que os que v\u00e3o ganhem consci\u00eancia do que \u00e9 que v\u00e3o fazer, porque, na medida em que as pessoas que v\u00e3o t\u00eam consci\u00eancia e motiva\u00e7\u00e3o profunda daquilo que fazem e levam da\u00ed a gra\u00e7a e o proveito pr\u00f3prio, certamente todos v\u00e3o beneficiar e outros descobrir\u00e3o o sentido da pr\u00f3pria eucaristia\u201d.<\/p>\n<p>Estes encontros de Ver\u00e3o, em locais de f\u00e9rias para muita gente, s\u00e3o aproveitados por D. Ant\u00f3nio Marcelino  para \u201cfazer evangeliza\u00e7\u00e3o numa linha e linguagem mais acess\u00edvel e presente e com a possibilidade dos presentes intervirem no pr\u00f3prio di\u00e1logo; e por isso os temas parecem-me terem sido sempre temas actualizados e inseridos na linha pr\u00f3pria da vida crist\u00e3. Portanto, no Ano da Eucaris-tia, as pessoas estranhariam, se n\u00e3o falasse deste tema\u201d, como o pr\u00f3prio real\u00e7ou.<\/p>\n<p>Sobre a sua presen\u00e7a nestes encontros de Ver\u00e3o, o bispo aveirense disse que \u201cas pessoas gostam de me ver, gostam de ouvir e j\u00e1 consideram normal a minha presen\u00e7a. H\u00e1 gente que n\u00e3o vive nas praias; mas v\u00ea nos jornais que vai haver os encontros e vem participar. As pessoas j\u00e1 entenderam o sentido da minha presen\u00e7a e o que ela pode significar. Gosto que as pessoas aproveitem\u201d.<\/p>\n","protected":false},"excerpt":{"rendered":"<p>Encontros de Ver\u00e3o do Bispo de Aveiro<\/p>\n","protected":false},"author":1,"featured_media":0,"comment_status":"open","ping_status":"open","sticky":false,"template":"","format":"standard","meta":{"footnotes":""},"categories":[44],"tags":[],"class_list":["post-16350","post","type-post","status-publish","format-standard","hentry","category-igreja"],"_links":{"self":[{"href":"https:\/\/sites.ecclesia.pt\/cv\/wp-json\/wp\/v2\/posts\/16350","targetHints":{"allow":["GET"]}}],"collection":[{"href":"https:\/\/sites.ecclesia.pt\/cv\/wp-json\/wp\/v2\/posts"}],"about":[{"href":"https:\/\/sites.ecclesia.pt\/cv\/wp-json\/wp\/v2\/types\/post"}],"author":[{"embeddable":true,"href":"https:\/\/sites.ecclesia.pt\/cv\/wp-json\/wp\/v2\/users\/1"}],"replies":[{"embeddable":true,"href":"https:\/\/sites.ecclesia.pt\/cv\/wp-json\/wp\/v2\/comments?post=16350"}],"version-history":[{"count":0,"href":"https:\/\/sites.ecclesia.pt\/cv\/wp-json\/wp\/v2\/posts\/16350\/revisions"}],"wp:attachment":[{"href":"https:\/\/sites.ecclesia.pt\/cv\/wp-json\/wp\/v2\/media?parent=16350"}],"wp:term":[{"taxonomy":"category","embeddable":true,"href":"https:\/\/sites.ecclesia.pt\/cv\/wp-json\/wp\/v2\/categories?post=16350"},{"taxonomy":"post_tag","embeddable":true,"href":"https:\/\/sites.ecclesia.pt\/cv\/wp-json\/wp\/v2\/tags?post=16350"}],"curies":[{"name":"wp","href":"https:\/\/api.w.org\/{rel}","templated":true}]}}