{"id":16352,"date":"2006-04-03T14:44:00","date_gmt":"2006-04-03T14:44:00","guid":{"rendered":"http:\/\/localhost:81\/wp1\/?p=16352"},"modified":"2006-04-03T14:44:00","modified_gmt":"2006-04-03T14:44:00","slug":"conviccoes-fundamentais","status":"publish","type":"post","link":"https:\/\/sites.ecclesia.pt\/cv\/conviccoes-fundamentais\/","title":{"rendered":"Convic\u00e7\u00f5es fundamentais"},"content":{"rendered":"<p>Reaprender&#8230; para viver melhor <!--more--> A nossa vida quotidiana \u00e9 povoada de linguagem gestual; sobretudo, para exprimirmos e acolhermos sentimentos, realidades que est\u00e3o para al\u00e9m do fen\u00f3meno intelectual. Os sacramentos, sinais externos de realidades profundas, da ordem da gra\u00e7a, n\u00e3o s\u00e3o, de forma alguma, intrusos na nossa vida. Inserem-se nesta linha da simb\u00f3lica que nos envolve.<\/p>\n<p>\u201c\u00c9 uma ins\u00eddia contra o Sacramento da Confiss\u00e3o a mentalidade, por vezes difundida, de que se pode obter o perd\u00e3o directamente de Deus e mesmo de modo ordin\u00e1rio, sem aproximar-se do Sacramento da Reconcilia\u00e7\u00e3o.<\/p>\n<p>Estamos, antes de mais, convencidos de que, para um crist\u00e3o, o Sacramento da Penit\u00eancia \u00e9 o caminho ordin\u00e1rio para obter o perd\u00e3o e a remiss\u00e3o dos seus pecados graves cometidos depois do Baptismo.   (&#8230;)<\/p>\n<p>Portanto, seria insensato, al\u00e9m de presun\u00e7oso, querer prescindir arbitrariamente dos instrumentos de gra\u00e7a e de salva\u00e7\u00e3o que o Senhor disp\u00f4s e, no seu caso espec\u00edfico, pretender receber o perd\u00e3o prescindindo do Sacramento institu\u00eddo por Cristo precisamente para o perd\u00e3o.\u201d <\/p>\n<p>\u00c9 assim que nos fala Jo\u00e3o Paulo II.<\/p>\n<p>Q.S.<\/p>\n","protected":false},"excerpt":{"rendered":"<p>Reaprender&#8230; para viver melhor<\/p>\n","protected":false},"author":1,"featured_media":0,"comment_status":"open","ping_status":"open","sticky":false,"template":"","format":"standard","meta":{"footnotes":""},"categories":[44],"tags":[],"class_list":["post-16352","post","type-post","status-publish","format-standard","hentry","category-igreja"],"_links":{"self":[{"href":"https:\/\/sites.ecclesia.pt\/cv\/wp-json\/wp\/v2\/posts\/16352","targetHints":{"allow":["GET"]}}],"collection":[{"href":"https:\/\/sites.ecclesia.pt\/cv\/wp-json\/wp\/v2\/posts"}],"about":[{"href":"https:\/\/sites.ecclesia.pt\/cv\/wp-json\/wp\/v2\/types\/post"}],"author":[{"embeddable":true,"href":"https:\/\/sites.ecclesia.pt\/cv\/wp-json\/wp\/v2\/users\/1"}],"replies":[{"embeddable":true,"href":"https:\/\/sites.ecclesia.pt\/cv\/wp-json\/wp\/v2\/comments?post=16352"}],"version-history":[{"count":0,"href":"https:\/\/sites.ecclesia.pt\/cv\/wp-json\/wp\/v2\/posts\/16352\/revisions"}],"wp:attachment":[{"href":"https:\/\/sites.ecclesia.pt\/cv\/wp-json\/wp\/v2\/media?parent=16352"}],"wp:term":[{"taxonomy":"category","embeddable":true,"href":"https:\/\/sites.ecclesia.pt\/cv\/wp-json\/wp\/v2\/categories?post=16352"},{"taxonomy":"post_tag","embeddable":true,"href":"https:\/\/sites.ecclesia.pt\/cv\/wp-json\/wp\/v2\/tags?post=16352"}],"curies":[{"name":"wp","href":"https:\/\/api.w.org\/{rel}","templated":true}]}}