{"id":16353,"date":"2006-04-03T14:44:00","date_gmt":"2006-04-03T14:44:00","guid":{"rendered":"http:\/\/localhost:81\/wp1\/?p=16353"},"modified":"2006-04-03T14:44:00","modified_gmt":"2006-04-03T14:44:00","slug":"actividades-pastorais-67","status":"publish","type":"post","link":"https:\/\/sites.ecclesia.pt\/cv\/actividades-pastorais-67\/","title":{"rendered":"Actividades Pastorais"},"content":{"rendered":"<p>O senhor Bispo terminou, na semana passada, os encontros pastorais nas praias e est\u00e2ncias termais da Diocese, pelos quais passaram algumas centenas de pessoas. Presidiu \u00e0s comemora\u00e7\u00f5es dos 150 anos do Santu\u00e1rio de Nossa Senhora do Socorro, em Albergaria-a-Velha. Esteve ausente no fim de semana, para se encontrar com os familiares na sua terra natal e comemorar, no Domingo, com os seus conterr\u00e2neos, os 50 anos da sua ordena\u00e7\u00e3o sacerdotal e missa nova.<\/p>\n<p>Na segunda feira, na Casa Diocesana, orientou uma reflex\u00e3o com a equipa nacional do Movimento para um Mundo Melhor, sobre a \u201cSitua\u00e7\u00e3o actual da Igreja em Portugal\u201d. Reuniu ainda, na segunda e ter\u00e7a feira, com alguns padres e di\u00e1conos. Deslocou-se, depois, a Viseu, para participar no encontro nacional para os Formadores dos Semin\u00e1rios, como membro da Comiss\u00e3o Episcopal das Voca\u00e7\u00f5es e Minist\u00e9rios.<\/p>\n","protected":false},"excerpt":{"rendered":"<p>O senhor Bispo terminou, na semana passada, os encontros pastorais nas praias e est\u00e2ncias termais da Diocese, pelos quais passaram algumas centenas de pessoas. Presidiu \u00e0s comemora\u00e7\u00f5es dos 150 anos do Santu\u00e1rio de Nossa Senhora do Socorro, em Albergaria-a-Velha. Esteve ausente no fim de semana, para se encontrar com os familiares na sua terra natal [&hellip;]<\/p>\n","protected":false},"author":1,"featured_media":0,"comment_status":"open","ping_status":"open","sticky":false,"template":"","format":"standard","meta":{"footnotes":""},"categories":[70],"tags":[],"class_list":["post-16353","post","type-post","status-publish","format-standard","hentry","category-diocese"],"_links":{"self":[{"href":"https:\/\/sites.ecclesia.pt\/cv\/wp-json\/wp\/v2\/posts\/16353","targetHints":{"allow":["GET"]}}],"collection":[{"href":"https:\/\/sites.ecclesia.pt\/cv\/wp-json\/wp\/v2\/posts"}],"about":[{"href":"https:\/\/sites.ecclesia.pt\/cv\/wp-json\/wp\/v2\/types\/post"}],"author":[{"embeddable":true,"href":"https:\/\/sites.ecclesia.pt\/cv\/wp-json\/wp\/v2\/users\/1"}],"replies":[{"embeddable":true,"href":"https:\/\/sites.ecclesia.pt\/cv\/wp-json\/wp\/v2\/comments?post=16353"}],"version-history":[{"count":0,"href":"https:\/\/sites.ecclesia.pt\/cv\/wp-json\/wp\/v2\/posts\/16353\/revisions"}],"wp:attachment":[{"href":"https:\/\/sites.ecclesia.pt\/cv\/wp-json\/wp\/v2\/media?parent=16353"}],"wp:term":[{"taxonomy":"category","embeddable":true,"href":"https:\/\/sites.ecclesia.pt\/cv\/wp-json\/wp\/v2\/categories?post=16353"},{"taxonomy":"post_tag","embeddable":true,"href":"https:\/\/sites.ecclesia.pt\/cv\/wp-json\/wp\/v2\/tags?post=16353"}],"curies":[{"name":"wp","href":"https:\/\/api.w.org\/{rel}","templated":true}]}}