{"id":16354,"date":"2006-04-03T14:44:00","date_gmt":"2006-04-03T14:44:00","guid":{"rendered":"http:\/\/localhost:81\/wp1\/?p=16354"},"modified":"2006-04-03T14:44:00","modified_gmt":"2006-04-03T14:44:00","slug":"encontro-da-cancao-nova-em-aveiro","status":"publish","type":"post","link":"https:\/\/sites.ecclesia.pt\/cv\/encontro-da-cancao-nova-em-aveiro\/","title":{"rendered":"Encontro da Can\u00e7\u00e3o Nova em Aveiro"},"content":{"rendered":"<p>A 11 de Setembro, no Semin\u00e1rio <!--more--> No dia 11 de Setembro, Domingo, a comunidade da \u201cCan\u00e7\u00e3o Nova\u201d de F\u00e1tima vai realizar, no Semin\u00e1rio, um dia de reflex\u00e3o e ora\u00e7\u00e3o, aberto a toda a gente que queira participar. Ter\u00e1 in\u00edcio \u00e0s 9,30 e prolongar-se-\u00e1 at\u00e9 \u00e0s 18 horas. Esta actividade vem-se realizando por todo o pa\u00eds, com grande aceita\u00e7\u00e3o das pessoas que nela participam.<\/p>\n<p>A Comunidade Can\u00e7\u00e3o Nova nasceu no Brasil, ligada ao renovamento carism\u00e1tico, e dedica-se \u00e0 evangeliza\u00e7\u00e3o atrav\u00e9s dos meios de comunica\u00e7\u00e3o social, promovendo, al\u00e9m das emiss\u00f5es de r\u00e1dio e televis\u00e3o e publica\u00e7\u00f5es diversas, encontros, retiros e reuni\u00f5es, em que d\u00e1 um especial sentido \u00e0 adora\u00e7\u00e3o ao Sant\u00edssimo Sacramento.<\/p>\n<p>Desde h\u00e1 poucos anos tem em Portugal est\u00fadios de televis\u00e3o, com programas do Brasil e com produ\u00e7\u00e3o pr\u00f3pria, operando agora atrav\u00e9s da Cabovis\u00e3o. <\/p>\n<p>O encontro realiza-se no sal\u00e3o de festas do Semin\u00e1rio.<\/p>\n","protected":false},"excerpt":{"rendered":"<p>A 11 de Setembro, no Semin\u00e1rio<\/p>\n","protected":false},"author":1,"featured_media":0,"comment_status":"open","ping_status":"open","sticky":false,"template":"","format":"standard","meta":{"footnotes":""},"categories":[70],"tags":[],"class_list":["post-16354","post","type-post","status-publish","format-standard","hentry","category-diocese"],"_links":{"self":[{"href":"https:\/\/sites.ecclesia.pt\/cv\/wp-json\/wp\/v2\/posts\/16354","targetHints":{"allow":["GET"]}}],"collection":[{"href":"https:\/\/sites.ecclesia.pt\/cv\/wp-json\/wp\/v2\/posts"}],"about":[{"href":"https:\/\/sites.ecclesia.pt\/cv\/wp-json\/wp\/v2\/types\/post"}],"author":[{"embeddable":true,"href":"https:\/\/sites.ecclesia.pt\/cv\/wp-json\/wp\/v2\/users\/1"}],"replies":[{"embeddable":true,"href":"https:\/\/sites.ecclesia.pt\/cv\/wp-json\/wp\/v2\/comments?post=16354"}],"version-history":[{"count":0,"href":"https:\/\/sites.ecclesia.pt\/cv\/wp-json\/wp\/v2\/posts\/16354\/revisions"}],"wp:attachment":[{"href":"https:\/\/sites.ecclesia.pt\/cv\/wp-json\/wp\/v2\/media?parent=16354"}],"wp:term":[{"taxonomy":"category","embeddable":true,"href":"https:\/\/sites.ecclesia.pt\/cv\/wp-json\/wp\/v2\/categories?post=16354"},{"taxonomy":"post_tag","embeddable":true,"href":"https:\/\/sites.ecclesia.pt\/cv\/wp-json\/wp\/v2\/tags?post=16354"}],"curies":[{"name":"wp","href":"https:\/\/api.w.org\/{rel}","templated":true}]}}