{"id":16356,"date":"2006-04-03T14:44:00","date_gmt":"2006-04-03T14:44:00","guid":{"rendered":"http:\/\/localhost:81\/wp1\/?p=16356"},"modified":"2006-04-03T14:44:00","modified_gmt":"2006-04-03T14:44:00","slug":"fidelidade-as-origens-e-ao-presente","status":"publish","type":"post","link":"https:\/\/sites.ecclesia.pt\/cv\/fidelidade-as-origens-e-ao-presente\/","title":{"rendered":"FIDELIDADE&#8230;\u00e0s origens e ao presente!"},"content":{"rendered":"<p>Com este n\u00famero, vamos iniciar um memor\u00e1vel jubileu do Correio do Vouga \u2013 as Bodas de Diamante. Precisamente quando este seman\u00e1rio est\u00e1 em processo de mudan\u00e7a. O leitor ter\u00e1 notado que, com a substitui\u00e7\u00e3o de Direc\u00e7\u00e3o, se t\u00eam, pouco a pouco, alterado: pagina\u00e7\u00e3o, grafismo, conte\u00fados.<\/p>\n<p>Simultaneamente, desencadeou-se uma estrat\u00e9gia de consulta: os leitores s\u00e3o instados a pronunciarem-se, com cr\u00edticas e sugest\u00f5es, com solicita\u00e7\u00f5es de informa\u00e7\u00e3o e forma\u00e7\u00e3o; o clero da Diocese foi interpelado, a fim de que o Conselho Presbiteral emitisse opini\u00f5es significantes, em fun\u00e7\u00e3o de uma metamorfose consistente; o Conselho Pastoral vai fazer a mesma reflex\u00e3o cr\u00edtica, por estes dias, para que estejam sobre a mesa as sensibilidades poss\u00edveis. Queremos que o 75.\u00ba anivers\u00e1rio venha a coroar um ano de esfor\u00e7o traduzido numa altera\u00e7\u00e3o substancial, que fa\u00e7a do Correio do Vouga um Seman\u00e1rio de HOJE, mantendo o rumo tra\u00e7ado pelas ORIGENS. <\/p>\n<p>1 \u2013 \u00c9 isso: estamos apostados na refontaliza\u00e7\u00e3o, sempre refrescante e propulsora. E as fontes, que busc\u00e1mos, no editorial do Ano I, n.\u00ba 1, de 16 de Novembro de 1930, n\u00e3o poder\u00e3o ser mais claras. <\/p>\n<p>A\u00ed escreveu o saudoso Ant\u00f3nio Christo: O Correio do Vouga \u00e9 um jornal cat\u00f3lico. E explana seguidamente o que isto quer dizer: S\u00f3 a Deus obedece inteiramente, porque s\u00f3 Ele \u00e9 o Mestre\u2026 Curvado, de joelhos, s\u00f3 diante de Deus! Obediente a quem tem a miss\u00e3o de guiar a Igreja &#8211; o Papa e o Bispo da Diocese &#8211; e a quem cabe o servi\u00e7o, na comunh\u00e3o eclesial, de ouvir piamente, guardar santamente e expor fielmente  a verdade da Palavra Revelada.<\/p>\n<p>Diante dos homens, sempre de p\u00e9! Ou seja, com a isen\u00e7\u00e3o e reserva de liberdade, que nunca o submetam \u00e0 mil\u00edcia do Rei ou aos ex\u00e9rcitos do Presidente, isto \u00e9, que nunca o tornem servil lacaio do poder. Nesse sentido, em pol\u00edtica, sempre portugu\u00eas, como agora europeu e cidad\u00e3o do mundo.<\/p>\n<p>2 \u2013 O Correio do Vouga respeita o vocabul\u00e1rio e n\u00e3o tem medo das palavras: afirma-se regionalista. E Ant\u00f3nio Christo prossegue, para que fique claro o que isso implica. Deseja ardentemente o progresso material e moral desta terra encantadora; patrocina as suas melhores aspira\u00e7\u00f5es; combate valorosamente pelos seus leg\u00edtimos interesses.  (\u2026) Ambiciona a uni\u00e3o de todos os valores reais para o bem comum, e venda os olhos, como a Justi\u00e7a, para n\u00e3o ver se a algu\u00e9m agrada ou desagrada na defesa de quanto for \u00fatil.<\/p>\n<p>Eis a clara explicita\u00e7\u00e3o do que seja permanecer sempre de p\u00e9 diante dos homens. A liberdade n\u00e3o ser\u00e1 nunca a neutralidade. Ser\u00e1, antes, a afirma\u00e7\u00e3o convicta  do que possa, como espada de dois gumes, extirpar quanto macule a dignidade pessoal e contamine de podrid\u00e3o a sociedade.<\/p>\n<p>Dizia, a finalizar, Ant\u00f3nio Christo: Est\u00e1 tra\u00e7ado o caminho que h\u00e1-de seguir o audaz cavaleiro do supremo ideal. Por n\u00f3s, estamos convictos de que n\u00e3o precisamos de outros rumos, para sermos fi\u00e9is ao presente. Precisamos do contributo de todos, a fim de encontrarmos os caminhos que concretizem esses ideaisdas origens.<\/p>\n","protected":false},"excerpt":{"rendered":"<p>Com este n\u00famero, vamos iniciar um memor\u00e1vel jubileu do Correio do Vouga \u2013 as Bodas de Diamante. Precisamente quando este seman\u00e1rio est\u00e1 em processo de mudan\u00e7a. O leitor ter\u00e1 notado que, com a substitui\u00e7\u00e3o de Direc\u00e7\u00e3o, se t\u00eam, pouco a pouco, alterado: pagina\u00e7\u00e3o, grafismo, conte\u00fados. Simultaneamente, desencadeou-se uma estrat\u00e9gia de consulta: os leitores s\u00e3o instados [&hellip;]<\/p>\n","protected":false},"author":1,"featured_media":0,"comment_status":"open","ping_status":"open","sticky":false,"template":"","format":"standard","meta":{"footnotes":""},"categories":[47],"tags":[],"class_list":["post-16356","post","type-post","status-publish","format-standard","hentry","category-editorial"],"_links":{"self":[{"href":"https:\/\/sites.ecclesia.pt\/cv\/wp-json\/wp\/v2\/posts\/16356","targetHints":{"allow":["GET"]}}],"collection":[{"href":"https:\/\/sites.ecclesia.pt\/cv\/wp-json\/wp\/v2\/posts"}],"about":[{"href":"https:\/\/sites.ecclesia.pt\/cv\/wp-json\/wp\/v2\/types\/post"}],"author":[{"embeddable":true,"href":"https:\/\/sites.ecclesia.pt\/cv\/wp-json\/wp\/v2\/users\/1"}],"replies":[{"embeddable":true,"href":"https:\/\/sites.ecclesia.pt\/cv\/wp-json\/wp\/v2\/comments?post=16356"}],"version-history":[{"count":0,"href":"https:\/\/sites.ecclesia.pt\/cv\/wp-json\/wp\/v2\/posts\/16356\/revisions"}],"wp:attachment":[{"href":"https:\/\/sites.ecclesia.pt\/cv\/wp-json\/wp\/v2\/media?parent=16356"}],"wp:term":[{"taxonomy":"category","embeddable":true,"href":"https:\/\/sites.ecclesia.pt\/cv\/wp-json\/wp\/v2\/categories?post=16356"},{"taxonomy":"post_tag","embeddable":true,"href":"https:\/\/sites.ecclesia.pt\/cv\/wp-json\/wp\/v2\/tags?post=16356"}],"curies":[{"name":"wp","href":"https:\/\/api.w.org\/{rel}","templated":true}]}}