{"id":16358,"date":"2006-04-03T14:44:00","date_gmt":"2006-04-03T14:44:00","guid":{"rendered":"http:\/\/localhost:81\/wp1\/?p=16358"},"modified":"2006-04-03T14:44:00","modified_gmt":"2006-04-03T14:44:00","slug":"joao-paulo-ii-envia-mensagem-de-pesames-e-implora-por-uma-terra-santa-reconciliada","status":"publish","type":"post","link":"https:\/\/sites.ecclesia.pt\/cv\/joao-paulo-ii-envia-mensagem-de-pesames-e-implora-por-uma-terra-santa-reconciliada\/","title":{"rendered":"Jo\u00e3o Paulo II envia mensagem de p\u00easames e implora por uma Terra Santa reconciliada"},"content":{"rendered":"<p>Morte de Arafat <!--more--> Jo\u00e3o Paulo II implora paz para uma Terra Santa na qual vivam \u201creconciliados\u201d dois Estados soberanos, na mensagem de p\u00easames que enviou na quinta-feira, ao receber a not\u00edcia da morte de Yasser Arafat. \u201cNesta hora de tristeza\u201d, o Santo Padre afirma, no telegrama, que se sente \u201cparticularmente pr\u00f3-ximo da fam\u00edlia do falecido, das autoridades e do povo palestino\u201d, e \u201cp\u00f5e a alma\u201d do l\u00edder \u201cnas m\u00e3os de Deus Omnipotente e Misericordioso\u201d. <\/p>\n<p>A carta escrita em ingl\u00eas foi enviada em seu nome pelo cardeal Angelo Sodano, secret\u00e1rio de Estado, a Rawhi Fatthou, presidente do parlamento palestiniano.<\/p>\n<p>No texto, o Papa dirige-se \u201cao Pr\u00edncipe da Paz, para que a estrela da harmonia brilhe logo na Terra Santa e para que os povos que ali moram possa viver reconciliados entre si como dois Estados independentes e soberanos\u201d. <\/p>\n<p>Pouco depois do an\u00fancio da not\u00edcia do falecimento do l\u00edder palestino, na madrugada de quinta-feira, Joaqu\u00edn Navarro-Valls, porta-voz da Santa S\u00e9, publicou um comunicado em que recorda Arafat como \u201cum l\u00edder de grande carisma, que amou seu povo e tentou gui\u00e1-lo para a independ\u00eancia nacional\u201d. <\/p>\n<p>\u201cQue Deus acolha na sua miseric\u00f3rdia a alma do ilustre falecido e conceda a paz \u00e0 Terra Santa, com dois Estados independentes e soberanos, plenamente reconciliados en-tre si!\u201d, desejou o porta-voz da Santa S\u00e9. <\/p>\n<p>Jo\u00e3o Paulo II e Yasser Arafat encontraram-se em 12 ocasi\u00f5es durante os 26 anos de pontificado: a primeira, em 15 de Setembro de 1982, e a \u00faltima, em 30 de Outubro de 2001. O l\u00edder palestino e o Santo Padre encontraram-se tamb\u00e9m em Bel\u00e9m, durante a peregrina\u00e7\u00e3o do Papa \u00e0 Terra Santa em Mar\u00e7o de 2000.<\/p>\n<p>Sinos tocaram por Arafat na Terra Santa<\/p>\n<p>Os sinos das igrejas da Terra Santa tocaram em mem\u00f3ria de Yasser Arafat durante a cerim\u00f3nia de sepultura do l\u00edder palestiniano na Mu-qata de Ramallah.<\/p>\n<p>O patriarca de Jerusal\u00e9m, D. Michel Sabbah, exprimiu as suas condol\u00eancias e a sua solidariedade para com o povo palestiniano, antes de partir para o Cairo, onde chefiou uma delega\u00e7\u00e3o crist\u00e3 composta pelos arcebispos anglicano e luterano de Jerusal\u00e9m.<\/p>\n<p>Solidariedade dos bispos franceses e ingleses<\/p>\n<p>As confer\u00eancias episcopais da Inglaterra e da Fran\u00e7a (os dois pa\u00edses europeus que mais responsabilidade t\u00eam nos conflitos do M\u00e9dio Oriente, devido \u00e0 partilha entre as duas pot\u00eancias ap\u00f3s o fim do imp\u00e9rio Otomano) manifestaram solidariedade para com os povos da Palestina e de Israel. \u201cNa morte de Yasser Arafat, l\u00edder hist\u00f3rico do povo palestiniano, o nosso pensamento vai para o futuro desse povo, para as suas aspira\u00e7\u00f5es e sofrimentos\u201d, refere um comunicado dos bispos franceses. \u201cRezamos para que no cora\u00e7\u00e3o dos povos da Terra Santa surjam respons\u00e1veis que tenham a coragem pol\u00edtica de conduzir o seu povo para a paz, uma paz na justi\u00e7a, na reconcilia\u00e7\u00e3o dos esp\u00edritos e dos cora\u00e7\u00f5es\u201d, afirmam os franceses.<\/p>\n<p>A Confer\u00eancia Episcopal da Inglaterra e Gales formulou votos de que o sucessor de Arafat \u201cseja capaz de prosseguir os acordos para a justi\u00e7a, paz e reconcilia\u00e7\u00e3o\u201d.<\/p>\n<p>* com Ag\u00eancia Ecclesia<\/p>\n","protected":false},"excerpt":{"rendered":"<p>Morte de Arafat<\/p>\n","protected":false},"author":1,"featured_media":0,"comment_status":"open","ping_status":"open","sticky":false,"template":"","format":"standard","meta":{"footnotes":""},"categories":[38],"tags":[],"class_list":["post-16358","post","type-post","status-publish","format-standard","hentry","category-destaque"],"_links":{"self":[{"href":"https:\/\/sites.ecclesia.pt\/cv\/wp-json\/wp\/v2\/posts\/16358","targetHints":{"allow":["GET"]}}],"collection":[{"href":"https:\/\/sites.ecclesia.pt\/cv\/wp-json\/wp\/v2\/posts"}],"about":[{"href":"https:\/\/sites.ecclesia.pt\/cv\/wp-json\/wp\/v2\/types\/post"}],"author":[{"embeddable":true,"href":"https:\/\/sites.ecclesia.pt\/cv\/wp-json\/wp\/v2\/users\/1"}],"replies":[{"embeddable":true,"href":"https:\/\/sites.ecclesia.pt\/cv\/wp-json\/wp\/v2\/comments?post=16358"}],"version-history":[{"count":0,"href":"https:\/\/sites.ecclesia.pt\/cv\/wp-json\/wp\/v2\/posts\/16358\/revisions"}],"wp:attachment":[{"href":"https:\/\/sites.ecclesia.pt\/cv\/wp-json\/wp\/v2\/media?parent=16358"}],"wp:term":[{"taxonomy":"category","embeddable":true,"href":"https:\/\/sites.ecclesia.pt\/cv\/wp-json\/wp\/v2\/categories?post=16358"},{"taxonomy":"post_tag","embeddable":true,"href":"https:\/\/sites.ecclesia.pt\/cv\/wp-json\/wp\/v2\/tags?post=16358"}],"curies":[{"name":"wp","href":"https:\/\/api.w.org\/{rel}","templated":true}]}}