{"id":16359,"date":"2006-04-03T14:44:00","date_gmt":"2006-04-03T14:44:00","guid":{"rendered":"http:\/\/localhost:81\/wp1\/?p=16359"},"modified":"2006-04-03T14:44:00","modified_gmt":"2006-04-03T14:44:00","slug":"unificacao-de-todos-os-momentos","status":"publish","type":"post","link":"https:\/\/sites.ecclesia.pt\/cv\/unificacao-de-todos-os-momentos\/","title":{"rendered":"Unifica\u00e7\u00e3o de todos os momentos"},"content":{"rendered":"<p>A Eucaristia no meu cora\u00e7\u00e3o <!--more--> Experi\u00eancia profunda de F\u00e9 no Deus connosco.<\/p>\n<p>Mem\u00f3ria de Deus feito carne, como um de n\u00f3s.<\/p>\n<p>\u201cChegado\u201d \u00e0 nossa medida para nos ir levando \u00e0 Sua Medida.<\/p>\n<p>Realidade existencial \u00edntima, ac\u00e7\u00e3o de gra\u00e7as, louvor permanente.<\/p>\n<p>Insond\u00e1vel mist\u00e9rio este da presen\u00e7a de Deus connosco, Vivo, actuante na pobreza que somos. Nada pede em troca, apenas que Lhe demos espa\u00e7o para continuar a tornar-Se vis\u00edvel, sens\u00edvel, pr\u00f3ximo, comungante.<\/p>\n<p>Ele, o \u201cComungante\u201d da natureza humana, a convidar \u00e0 comunh\u00e3o da Sua divindade e a partilhar a capacidade \u00fanica de amar.<\/p>\n<p>Ele, que \u00e9 o \u201cEu sou\u201d, quer ouvir dizer, a partir de n\u00f3s, o \u201csou Tu\u201d, \u201ceu vivo em Ti, de Ti para todos\u201d.<\/p>\n<p>Tornou-se dif\u00edcil dizer: vou \u00e1 missa, vou \u00e1 comunh\u00e3o, vou fazer a primeira comunh\u00e3o, a segunda\u2026 etc.; quase imposs\u00edvel distanciar, separar um momento de outros tantos momentos da vida. \u00c9 verdade que h\u00e1 momentos e Momentos; para n\u00f3s \u00e9 assim, nos limites da nossa vis\u00e3o. Para Deus, h\u00e1 apenas o Momento Eterno de Ser, de ser em n\u00f3s, sem tempo. Considerando os limites onde chega a nossa capacidade de ver, medir, dividir, posso compreender a separa\u00e7\u00e3o referida. Tudo tem o seu tempo, o seu lugar, a sua hora. Sinto antes uma necessidade de unifica\u00e7\u00e3o de \u201ctodos os momentos\u201d em que nada tem sentido fora desta presen\u00e7a actuante. Tudo ganha sentido na medida sem medida, da entrega silenciosa em que s\u00f3 Ele \u00e9 o Mestre, o Rei, o Senhor, o Pr\u00f3ximo, o que Se oferece e nos ressuscita em cada tempo.<\/p>\n<p>O tempo chamado da Eucaristia, do \u201cfazei isto em mem\u00f3ria de Mim\u201d, tamb\u00e9m s\u00f3 ganha o sentido profundo, verdadeiro, se continuado em permanente vitalidade no quotidiano. Nunca ser\u00e1 o momento que, automaticamente, me p\u00f5e em movimento a partir d\u2019Ele para todos. Talvez seja, sim, o momento de, em Assembleia de F\u00e9, em Comunidade de Crentes, proclamar bem alto: aqui estamos, n\u00f3s Te louvamos, Te damos gra\u00e7as por, em todos os tempos, Te ofereceres como o Alimento das nossas vidas.<\/p>\n<p>Ir. Maria do C\u00e9u Quinteiro<\/p>\n","protected":false},"excerpt":{"rendered":"<p>A Eucaristia no meu cora\u00e7\u00e3o<\/p>\n","protected":false},"author":1,"featured_media":0,"comment_status":"open","ping_status":"open","sticky":false,"template":"","format":"standard","meta":{"footnotes":""},"categories":[41],"tags":[],"class_list":["post-16359","post","type-post","status-publish","format-standard","hentry","category-eucaristia"],"_links":{"self":[{"href":"https:\/\/sites.ecclesia.pt\/cv\/wp-json\/wp\/v2\/posts\/16359","targetHints":{"allow":["GET"]}}],"collection":[{"href":"https:\/\/sites.ecclesia.pt\/cv\/wp-json\/wp\/v2\/posts"}],"about":[{"href":"https:\/\/sites.ecclesia.pt\/cv\/wp-json\/wp\/v2\/types\/post"}],"author":[{"embeddable":true,"href":"https:\/\/sites.ecclesia.pt\/cv\/wp-json\/wp\/v2\/users\/1"}],"replies":[{"embeddable":true,"href":"https:\/\/sites.ecclesia.pt\/cv\/wp-json\/wp\/v2\/comments?post=16359"}],"version-history":[{"count":0,"href":"https:\/\/sites.ecclesia.pt\/cv\/wp-json\/wp\/v2\/posts\/16359\/revisions"}],"wp:attachment":[{"href":"https:\/\/sites.ecclesia.pt\/cv\/wp-json\/wp\/v2\/media?parent=16359"}],"wp:term":[{"taxonomy":"category","embeddable":true,"href":"https:\/\/sites.ecclesia.pt\/cv\/wp-json\/wp\/v2\/categories?post=16359"},{"taxonomy":"post_tag","embeddable":true,"href":"https:\/\/sites.ecclesia.pt\/cv\/wp-json\/wp\/v2\/tags?post=16359"}],"curies":[{"name":"wp","href":"https:\/\/api.w.org\/{rel}","templated":true}]}}