{"id":16364,"date":"2006-04-03T14:44:00","date_gmt":"2006-04-03T14:44:00","guid":{"rendered":"http:\/\/localhost:81\/wp1\/?p=16364"},"modified":"2006-04-03T14:44:00","modified_gmt":"2006-04-03T14:44:00","slug":"nos-bastidores-da-lumen-gentium","status":"publish","type":"post","link":"https:\/\/sites.ecclesia.pt\/cv\/nos-bastidores-da-lumen-gentium\/","title":{"rendered":"Nos bastidores da Lumen Gentium"},"content":{"rendered":"<p>O terceiro cap\u00edtulo da Lumen Gentium (LG), sobre a colegialidade dos bispos e o papel do Papa no governo da Igreja, foi o mais discutido durante a redac\u00e7\u00e3o do documento, revelou Peter Gumpel \u00e0 ag\u00eancia Zenit. O padre jesu\u00edta, que a par de Paolo Molinari, foi redactor deste documento essencial para entender a identidade da Igreja, afirma que, antes da vota\u00e7\u00e3o do terceiro cap\u00edtulo, o Papa Paulo VI \u201cdeu-se conta de que era muito perigoso promulgar um documento desta import\u00e2ncia, no qual o papel do pont\u00edfice em rela\u00e7\u00e3o aos outros bispos era pouco claro. Desta preocupa\u00e7\u00e3o nasceu a ideia de uma \u2018Nota pr\u00e9via\u2019, com a qual, embora tendo em conta a discuss\u00e3o do Conc\u00edlio, confirmava os ensinamentos do magist\u00e9rio sobre a mat\u00e9ria\u201d. A \u201cNota pr\u00e9via\u201d surge no final do documento e esclarece o que \u00e9 o col\u00e9gio bispos e como uma pessoa se torna membro. No n\u00ba 4 dessa nota diz-se que \u201co sumo pont\u00edfice (\u2026) pode exercer o seu poder em qualquer tempo (\u2026). O col\u00e9gio [dos bispos] n\u00e3o est\u00e1 sempre \u00abem pleno exerc\u00edcio\u00bb; s\u00f3 a intervalos e sempre com o consentimento da cabe\u00e7a [o Papa]\u201d. Alguns te\u00f3logos v\u00eaem nestes esclarecimentos entraves \u00e0 Igreja de Comunh\u00e3o, uma das grandes novidades do documento.<\/p>\n<p>O cap\u00edtulo XIII, sobre Maria, tamb\u00e9m foi muito discutido. Inicialmente havia uma corrente que defendia uma constitui\u00e7\u00e3o dogm\u00e1tica exclusivamente sobre a M\u00e3e de Jesus. Por\u00e9m, acabou por prevalecer a tend\u00eancia que defendia que o que havia a dizer sobre a primeira disc\u00edpula, Maria, devia ser dito no documento sobre a Igreja, isto \u00e9, a comunidade dos disc\u00edpulos.<\/p>\n<p>Peter Gumpel afirmou ainda, a prop\u00f3sito dos 40 anos de LG, que, por ter sido o primeiro conc\u00edlio em que entraram os meios de comunica\u00e7\u00e3o de massas, houve mat\u00e9rias que foram tratadas de modo sensacionalista. \u201cA Sala de Imprensa do conc\u00edlio n\u00e3o avaliou suficientemente a influ\u00eancia da imprensa para orientar a opini\u00e3o p\u00fablica numa direc\u00e7\u00e3o que n\u00e3o correspondia \u00e0 verdade (\u2026). Quem defendia posi\u00e7\u00f5es pouco ortodoxas contava com o apoio da imprensa\u201d, conclui o redactor da LG. <\/p>\n<p>J.P.F.<\/p>\n","protected":false},"excerpt":{"rendered":"<p>O terceiro cap\u00edtulo da Lumen Gentium (LG), sobre a colegialidade dos bispos e o papel do Papa no governo da Igreja, foi o mais discutido durante a redac\u00e7\u00e3o do documento, revelou Peter Gumpel \u00e0 ag\u00eancia Zenit. O padre jesu\u00edta, que a par de Paolo Molinari, foi redactor deste documento essencial para entender a identidade da [&hellip;]<\/p>\n","protected":false},"author":1,"featured_media":0,"comment_status":"open","ping_status":"open","sticky":false,"template":"","format":"standard","meta":{"footnotes":""},"categories":[44],"tags":[],"class_list":["post-16364","post","type-post","status-publish","format-standard","hentry","category-igreja"],"_links":{"self":[{"href":"https:\/\/sites.ecclesia.pt\/cv\/wp-json\/wp\/v2\/posts\/16364","targetHints":{"allow":["GET"]}}],"collection":[{"href":"https:\/\/sites.ecclesia.pt\/cv\/wp-json\/wp\/v2\/posts"}],"about":[{"href":"https:\/\/sites.ecclesia.pt\/cv\/wp-json\/wp\/v2\/types\/post"}],"author":[{"embeddable":true,"href":"https:\/\/sites.ecclesia.pt\/cv\/wp-json\/wp\/v2\/users\/1"}],"replies":[{"embeddable":true,"href":"https:\/\/sites.ecclesia.pt\/cv\/wp-json\/wp\/v2\/comments?post=16364"}],"version-history":[{"count":0,"href":"https:\/\/sites.ecclesia.pt\/cv\/wp-json\/wp\/v2\/posts\/16364\/revisions"}],"wp:attachment":[{"href":"https:\/\/sites.ecclesia.pt\/cv\/wp-json\/wp\/v2\/media?parent=16364"}],"wp:term":[{"taxonomy":"category","embeddable":true,"href":"https:\/\/sites.ecclesia.pt\/cv\/wp-json\/wp\/v2\/categories?post=16364"},{"taxonomy":"post_tag","embeddable":true,"href":"https:\/\/sites.ecclesia.pt\/cv\/wp-json\/wp\/v2\/tags?post=16364"}],"curies":[{"name":"wp","href":"https:\/\/api.w.org\/{rel}","templated":true}]}}