{"id":16365,"date":"2006-04-03T14:44:00","date_gmt":"2006-04-03T14:44:00","guid":{"rendered":"http:\/\/localhost:81\/wp1\/?p=16365"},"modified":"2006-04-03T14:44:00","modified_gmt":"2006-04-03T14:44:00","slug":"campeonato-nacional-das-profissoes","status":"publish","type":"post","link":"https:\/\/sites.ecclesia.pt\/cv\/campeonato-nacional-das-profissoes\/","title":{"rendered":"Campeonato Nacional das Profiss\u00f5es"},"content":{"rendered":"<p>No Centro de Forma\u00e7\u00e3o Profissional de Aveiro <!--more--> A primeira edi\u00e7\u00e3o do Campeonato Nacional das Profiss\u00f5es, promovido pelo  Instituto de Emprego e Forma\u00e7\u00e3o Profissional, decorreu em Aveiro, na passada semana, evento que contou com a participa\u00e7\u00e3o de cerca de duzentos e vinte profissionais, distribu\u00eddos pelas vinte e nove profiss\u00f5es em competi\u00e7\u00e3o, e ainda por mais tr\u00eas profiss\u00f5es em demonstra\u00e7\u00e3o, todos eles titulares de cursos profissionais obtidos no IEFP, e seleccionados pelos diversos centros de forma\u00e7\u00e3o que o instituto tem espalhados pelo Pa\u00eds.<\/p>\n<p>Diogo Feio, secret\u00e1rio de Estado da Educa\u00e7\u00e3o, foi um atento visitante do certame, tendo manifestado apre\u00e7o pelo trabalho desenvolvido, real\u00e7ando o resultado positivo obtido com a liga\u00e7\u00e3o entre a educa\u00e7\u00e3o e a forma\u00e7\u00e3o profissional, mostrando-se satisfeito pela grande ades\u00e3o das escolas, atrav\u00e9s das visitas organizadas ao local onde decorreu este primeiro campeonato das profiss\u00f5es, bem como pelo interesse manifestado pelos estudantes em rela\u00e7\u00e3o a alguns cursos de forma\u00e7\u00e3o profissional. <\/p>\n<p>Para o governante, \u201c\u00e9 importante que se crie uma consci\u00eancia muito clara de que a forma\u00e7\u00e3o profissional \u00e9 um caminho a seguir\u201d, e na qual o governo aposta fortemente.<\/p>\n<p>Sobre a escolha da cidade de Aveiro para acolher a primeira edi\u00e7\u00e3o do campeonato nacional das profiss\u00f5es, Diogo Feio, titular da \u00fanica secretaria de Estado sediada nesta cidade, referiu que Aveiro \u00e9 \u201cum exemplo de rigor e compet\u00eancia nos mais diversos dom\u00ednios, desde a universidade \u00e0s empresas\u201d, motivo que, em sua opini\u00e3o, justificam a escolha.<\/p>\n<p>Os espa\u00e7os reservados \u00e0s profiss\u00f5es em competi\u00e7\u00e3o ocuparam uma \u00e1rea consider\u00e1vel das instala\u00e7\u00f5es do Centro de Forma\u00e7\u00e3o de Aveiro, bem como do Centro Cultural e de Congressos, e ainda da rua fronteira ao edif\u00edcio. Nesta \u00faltima \u00e1rea, estavam tamb\u00e9m stands de entidades ligadas \u00e0 forma\u00e7\u00e3o profissional, incluindo algumas oriundas de Espanha.<\/p>\n<p>Durante o evento, centenas de estudantes visitaram, de forma organizada e por escolas, o campeonato. De referir que o IEFP e a Direc\u00e7\u00e3o Geral de Forma\u00e7\u00e3o Profissional promoveram o concurso \u201cViagem \u00e0s Profiss\u00f5es\u201d, direccionado aos alunos do 8\u00ba e do 9\u00ba ano de escolaridade e dos cursos de educa\u00e7\u00e3o e forma\u00e7\u00e3o.<\/p>\n<p>C. F.<\/p>\n","protected":false},"excerpt":{"rendered":"<p>No Centro de Forma\u00e7\u00e3o Profissional de Aveiro<\/p>\n","protected":false},"author":1,"featured_media":0,"comment_status":"open","ping_status":"open","sticky":false,"template":"","format":"standard","meta":{"footnotes":""},"categories":[45],"tags":[],"class_list":["post-16365","post","type-post","status-publish","format-standard","hentry","category-regioes"],"_links":{"self":[{"href":"https:\/\/sites.ecclesia.pt\/cv\/wp-json\/wp\/v2\/posts\/16365","targetHints":{"allow":["GET"]}}],"collection":[{"href":"https:\/\/sites.ecclesia.pt\/cv\/wp-json\/wp\/v2\/posts"}],"about":[{"href":"https:\/\/sites.ecclesia.pt\/cv\/wp-json\/wp\/v2\/types\/post"}],"author":[{"embeddable":true,"href":"https:\/\/sites.ecclesia.pt\/cv\/wp-json\/wp\/v2\/users\/1"}],"replies":[{"embeddable":true,"href":"https:\/\/sites.ecclesia.pt\/cv\/wp-json\/wp\/v2\/comments?post=16365"}],"version-history":[{"count":0,"href":"https:\/\/sites.ecclesia.pt\/cv\/wp-json\/wp\/v2\/posts\/16365\/revisions"}],"wp:attachment":[{"href":"https:\/\/sites.ecclesia.pt\/cv\/wp-json\/wp\/v2\/media?parent=16365"}],"wp:term":[{"taxonomy":"category","embeddable":true,"href":"https:\/\/sites.ecclesia.pt\/cv\/wp-json\/wp\/v2\/categories?post=16365"},{"taxonomy":"post_tag","embeddable":true,"href":"https:\/\/sites.ecclesia.pt\/cv\/wp-json\/wp\/v2\/tags?post=16365"}],"curies":[{"name":"wp","href":"https:\/\/api.w.org\/{rel}","templated":true}]}}