{"id":16367,"date":"2006-04-03T14:44:00","date_gmt":"2006-04-03T14:44:00","guid":{"rendered":"http:\/\/localhost:81\/wp1\/?p=16367"},"modified":"2006-04-03T14:44:00","modified_gmt":"2006-04-03T14:44:00","slug":"universidade-de-aveiro-e-siemens-assinaram-protocolo","status":"publish","type":"post","link":"https:\/\/sites.ecclesia.pt\/cv\/universidade-de-aveiro-e-siemens-assinaram-protocolo\/","title":{"rendered":"Universidade de Aveiro e Siemens assinaram protocolo"},"content":{"rendered":"<p>Para a instala\u00e7\u00e3o de laborat\u00f3rio de investiga\u00e7\u00e3o <!--more--> A Universidade de Aveiro e a Siemens Portugal assinaram, na semana passada, um protocolo de coopera\u00e7\u00e3o visando a instala\u00e7\u00e3o, no campus universit\u00e1rio aveirense, de um laborat\u00f3rio de investiga\u00e7\u00e3o e desenvolvimento Siemens na \u00e1rea das telecomunica\u00e7\u00f5es.<\/p>\n<p>Desde o final de 2002 que as duas entidades t\u00eam vindo a cooperar num vasto conjunto de actividades de investiga\u00e7\u00e3o em \u00e1reas relacionadas com as telecomunica\u00e7\u00f5es, tendo a empresa aberto o seu centro de investiga\u00e7\u00e3o e o laborat\u00f3rio aos t\u00e9cnicos universit\u00e1rios, as quais ser\u00e3o refor\u00e7adas com este novo protocolo.<\/p>\n<p>No futuro laborat\u00f3rio, a instalar na Universidade de Aveiro, ser\u00e3o desenvolvidos trabalhos de investiga\u00e7\u00e3o avan\u00e7ada na \u00e1rea de telecomunica\u00e7\u00f5es em fibra \u00f3ptica e de plataformas de gest\u00e3o, em cons\u00f3rcio, ou atrav\u00e9s do interc\u00e2mbio de investigadores das duas institui\u00e7\u00f5es, nomeadamente atrav\u00e9s das bolsas de investiga\u00e7\u00e3o da Siemens. <\/p>\n<p>O vice-reitor da \u00e1rea da investiga\u00e7\u00e3o, Francisco Vaz, sublinha que este protocolo \u00e9 \u201co reconhecimento de uma multinacional relativamente \u00e0 capacidade da Universidade de Aveiro na \u00e1rea das telecomunica\u00e7\u00f5es em fibra \u00f3ptica\u201d. Por sua vez, o director geral da Siemens Communications, H\u00e9lder Castro, refere que \u201ccom a assinatura deste protocolo, escrevemos uma nova p\u00e1gina na hist\u00f3ria da coopera\u00e7\u00e3o da universidade com a ind\u00fastria em Portugal\u201d.<\/p>\n","protected":false},"excerpt":{"rendered":"<p>Para a instala\u00e7\u00e3o de laborat\u00f3rio de investiga\u00e7\u00e3o<\/p>\n","protected":false},"author":1,"featured_media":0,"comment_status":"open","ping_status":"open","sticky":false,"template":"","format":"standard","meta":{"footnotes":""},"categories":[45],"tags":[],"class_list":["post-16367","post","type-post","status-publish","format-standard","hentry","category-regioes"],"_links":{"self":[{"href":"https:\/\/sites.ecclesia.pt\/cv\/wp-json\/wp\/v2\/posts\/16367","targetHints":{"allow":["GET"]}}],"collection":[{"href":"https:\/\/sites.ecclesia.pt\/cv\/wp-json\/wp\/v2\/posts"}],"about":[{"href":"https:\/\/sites.ecclesia.pt\/cv\/wp-json\/wp\/v2\/types\/post"}],"author":[{"embeddable":true,"href":"https:\/\/sites.ecclesia.pt\/cv\/wp-json\/wp\/v2\/users\/1"}],"replies":[{"embeddable":true,"href":"https:\/\/sites.ecclesia.pt\/cv\/wp-json\/wp\/v2\/comments?post=16367"}],"version-history":[{"count":0,"href":"https:\/\/sites.ecclesia.pt\/cv\/wp-json\/wp\/v2\/posts\/16367\/revisions"}],"wp:attachment":[{"href":"https:\/\/sites.ecclesia.pt\/cv\/wp-json\/wp\/v2\/media?parent=16367"}],"wp:term":[{"taxonomy":"category","embeddable":true,"href":"https:\/\/sites.ecclesia.pt\/cv\/wp-json\/wp\/v2\/categories?post=16367"},{"taxonomy":"post_tag","embeddable":true,"href":"https:\/\/sites.ecclesia.pt\/cv\/wp-json\/wp\/v2\/tags?post=16367"}],"curies":[{"name":"wp","href":"https:\/\/api.w.org\/{rel}","templated":true}]}}