{"id":16372,"date":"2006-04-03T14:44:00","date_gmt":"2006-04-03T14:44:00","guid":{"rendered":"http:\/\/localhost:81\/wp1\/?p=16372"},"modified":"2006-04-03T14:44:00","modified_gmt":"2006-04-03T14:44:00","slug":"participantes-tiveram-aulas-de-equitacao","status":"publish","type":"post","link":"https:\/\/sites.ecclesia.pt\/cv\/participantes-tiveram-aulas-de-equitacao\/","title":{"rendered":"Participantes tiveram &#8220;aulas&#8221; de equita\u00e7\u00e3o"},"content":{"rendered":"<p>Jornadas debateram hipoterapia <!--more--> As primeiras Jornadas de Equita\u00e7\u00e3o Terap\u00eautica, promovidas conjuntamente pela Escola Equestre de Aveiro, APPACDM (Associa\u00e7\u00e3o Portuguesa de Pais e Amigos do Cidad\u00e3o Deficiente Mental) e C\u00e2mara Municipal de Aveiro, decorreram na Escola Equestre de Aveiro, sediada no lugar de Vilarinho (Cacia).<\/p>\n<p>Ao longo dos dois dias que duraram as jornadas, e para al\u00e9m da forma\u00e7\u00e3o te\u00f3rica, os cerca de quarenta participantes tiveram tamb\u00e9m aulas pr\u00e1ticas de equita\u00e7\u00e3o, muitos deles tiveram aqui o seu \u201cbaptismo\u201d de montagem a cavalo, de modo a adquirirem os conhecimentos necess\u00e1rios para poderem utilizar a hipoterapia (terapias em que o cavalo desempenha uma ac\u00e7\u00e3o fundamental) em pessoas com defici\u00eancia mental ou motora, ou com necessidade educativas especiais.<\/p>\n<p>Oriundos dos mais diversos pontos do pa\u00eds, os participantes s\u00e3o estudantes ou profissionais em \u00e1reas como fisioterapia, pediatria, psicologia, entre outras, e ainda pais de crian\u00e7as portadoras de defici\u00eancia.<\/p>\n<p>Os participantes come\u00e7aram por aprender o essencial sobre o cavalo, nomeadamente a forma como caminham (passo, trote e galope), a forma mais correcta de os abordar e, por fim, a montagem e andar a cavalo, de modo a terem uma pequena experi\u00eancia dos efeitos da hipoterapia.<\/p>\n<p>Mar\u00edlia Martins, vereadora da C\u00e2mara Municipal de Aveiro respons\u00e1vel pela educa\u00e7\u00e3o e ac\u00e7\u00e3o social, salientou a contribui\u00e7\u00e3o do cavalo em m\u00e9todos terap\u00eauticos em diversos tipos de problemas motores, desde os ortop\u00e9dicos aos neurol\u00f3gicos, de defici\u00eancias mentais, com destaque para o s\u00edndroma de Down, e ainda de comportamentos sociais e educacionais especiais.<\/p>\n<p>No entanto, reconheceu que nem sempre os pais est\u00e3o receptivos a experimentarem a hipoterapia no tratamento dos seus filhos, designadamente quando estes s\u00e3o pequenos ou s\u00e3o portadores de defici\u00eancias ps\u00edquicas ou f\u00edsicas, ou quando sofrem de problemas ortop\u00e9dicos, receios que se dissipam quando come\u00e7am a surgir os primeiros resultados positivos ou quando os terapeutas d\u00e3o garantias de profissionalismo e efici\u00eancia.<\/p>\n<p>Desde h\u00e1 v\u00e1rios anos que na Escola Equestre de Aveiro Jos\u00e9 Maia Seco orienta sess\u00f5es de hipoterapia, t\u00e9cnico devidamente diplomado para exercer esse tipo de sess\u00f5es. Para al\u00e9m desse t\u00e9cnico, as jornadas contaram tamb\u00e9m com a participa\u00e7\u00e3o de Katryn Watson, presidente da comiss\u00e3o t\u00e9cnica da Federa\u00e7\u00e3o Equestre Portuguesa.<\/p>\n<p>Actualmente, as sess\u00f5es de hipoterapia da Escola Equestre de Aveiro s\u00e3o frequentadas por dezasseis crian\u00e7as e jovens portadores de defici\u00eancia. Destas, onze fazem-no por interm\u00e9dio da APPACDM, e as restantes cinco a t\u00edtulo particular.<\/p>\n","protected":false},"excerpt":{"rendered":"<p>Jornadas debateram hipoterapia<\/p>\n","protected":false},"author":1,"featured_media":0,"comment_status":"open","ping_status":"open","sticky":false,"template":"","format":"standard","meta":{"footnotes":""},"categories":[38],"tags":[],"class_list":["post-16372","post","type-post","status-publish","format-standard","hentry","category-destaque"],"_links":{"self":[{"href":"https:\/\/sites.ecclesia.pt\/cv\/wp-json\/wp\/v2\/posts\/16372","targetHints":{"allow":["GET"]}}],"collection":[{"href":"https:\/\/sites.ecclesia.pt\/cv\/wp-json\/wp\/v2\/posts"}],"about":[{"href":"https:\/\/sites.ecclesia.pt\/cv\/wp-json\/wp\/v2\/types\/post"}],"author":[{"embeddable":true,"href":"https:\/\/sites.ecclesia.pt\/cv\/wp-json\/wp\/v2\/users\/1"}],"replies":[{"embeddable":true,"href":"https:\/\/sites.ecclesia.pt\/cv\/wp-json\/wp\/v2\/comments?post=16372"}],"version-history":[{"count":0,"href":"https:\/\/sites.ecclesia.pt\/cv\/wp-json\/wp\/v2\/posts\/16372\/revisions"}],"wp:attachment":[{"href":"https:\/\/sites.ecclesia.pt\/cv\/wp-json\/wp\/v2\/media?parent=16372"}],"wp:term":[{"taxonomy":"category","embeddable":true,"href":"https:\/\/sites.ecclesia.pt\/cv\/wp-json\/wp\/v2\/categories?post=16372"},{"taxonomy":"post_tag","embeddable":true,"href":"https:\/\/sites.ecclesia.pt\/cv\/wp-json\/wp\/v2\/tags?post=16372"}],"curies":[{"name":"wp","href":"https:\/\/api.w.org\/{rel}","templated":true}]}}