{"id":16373,"date":"2006-04-03T14:44:00","date_gmt":"2006-04-03T14:44:00","guid":{"rendered":"http:\/\/localhost:81\/wp1\/?p=16373"},"modified":"2006-04-03T14:44:00","modified_gmt":"2006-04-03T14:44:00","slug":"volta-ao-mundo-em-duas-horas","status":"publish","type":"post","link":"https:\/\/sites.ecclesia.pt\/cv\/volta-ao-mundo-em-duas-horas\/","title":{"rendered":"Volta ao mundo em duas horas"},"content":{"rendered":"<p>Nuno Rogeiro no CUFC <!--more--> Dois russos subiam de autom\u00f3vel os montes Urais (R\u00fassia). T\u00eam um acidente e um deles cai pelo precip\u00edcio. Pergunta o outro \u201cComo est\u00e1s Serguei?\u201d. Responde a v\u00edtima: \u201cN\u00e3o sei, ainda n\u00e3o cheguei ao fim!\u201d Esta foi uma das \u201cpar\u00e1bolas\u201d contadas pelo comentador pol\u00edtico Nuno Rogeiro a prop\u00f3sito da \u201cArte de viver na Nova Ordem Mundial\u201d, confer\u00eancia que decorreu na segunda-feira, no Centro Universit\u00e1rio F\u00e9 e Cultura, integrada na Semana da Arte (ver not\u00edcia na p\u00e1gina 13).<\/p>\n<p>A nova ordem mundial \u00e9 algo ainda indefinido. A queda ainda n\u00e3o chegou ao fim. \u201cO futuro est\u00e1 aberto\u201d, afirmou Nuno Rogeiro. Por\u00e9m, \u201ch\u00e1 raz\u00f5es para a esperan\u00e7a\u201d, em especial no caso da Palestina, pois com a morte de Arafat \u201cdeixa de haver justifica\u00e7\u00f5es em torno da sua figura hist\u00f3rica\u201d, afirmou o comentador pol\u00edtico, revelando que, na Palestina, \u201ch\u00e1 personalidades influentes que agora podem adquirir mais visibilidade\u201d, e em Israel, h\u00e1 for\u00e7as crescentes que dialogam com o Ir\u00e3o, por exemplo, e t\u00eam neg\u00f3cios a meias com os palestinianos, ao contr\u00e1rio das ideias feitas da irredut\u00edvel oposi\u00e7\u00e3o.<\/p>\n<p>A Palestina foi apenas um dos temas abordados por Nuno Rogeiro, j\u00e1 no espa\u00e7o de di\u00e1logo com a assembleia, que tamb\u00e9m o interrogou sobre a sucess\u00e3o de Collin Powell, nos EUA, ao que o comentador respondeu que os nomes na calha s\u00e3o Condoleezza Rice e John McCain (\u201cseria \u00f3ptimo para a Europa\u201d). Contudo, a maior parte da confer\u00eancia esteve centrada nas tend\u00eancias preocupantes da sociedade actual. Uma delas \u00e9 a aus\u00eancia de estrat\u00e9gia nacional: \u201cFaltam-nos grandes motivos colectivos para abra\u00e7ar, uma \u00cdndia, um Brasil\u201d. Mas tarde o comentador preconizaria o regresso dos jovens a \u00c1frica para trabalhar ou ensinar. Ou-tra: \u201cP\u00e1tria e fam\u00edlias\u201d. Defendendo uma remunera\u00e7\u00e3o adequada das m\u00e3es \u201cdonas de casa\u201d, Nuno Rogeiro afirmou que \u201cas pessoas t\u00eam necessidade de voltar \u00e0s \u2018tribos iniciais\u2019, precisam de tempo para passar com a fam\u00edlia e os amigos, espa\u00e7os de cria\u00e7\u00e3o de felicidade\u201d. A comunica\u00e7\u00e3o social tamb\u00e9m esteve omnipresente, n\u00e3o s\u00f3 porque a televis\u00e3o \u00e9 a \u201cempregada electr\u00f3nica\u201d que cuida das crian\u00e7as, mas porque \u201cn\u00e3o \u00e9 uma inevitabilidade\u201d. \u201cA comunica\u00e7\u00e3o social \u00e9 influente, mas n\u00e3o tem poder. Vive em regime de concorr\u00eancia. Devemos escolher os melhores meios, os mais reputados, e podemos cortar o circuito de comunica\u00e7\u00e3o. A melhor arma [contra os meios de comunica\u00e7\u00e3o social de que n\u00e3o gostamos] \u00e9 o bot\u00e3o de desligar\u201d, afirmou o polit\u00f3logo, ou \u201cpolitic\u00f3logo\u201d, como preferia que lhe chamassem.<\/p>\n<p>Nuno Rogeiro, numa aut\u00eantica volta ao mundo actual em duas horas, fez a sua comunica\u00e7\u00e3o sobre o futuro, sempre pensando nos seus quatro filhos, e v\u00e1rias vezes real\u00e7ou que o erro da sociedade actual \u00e9 \u201cdesejar a salva\u00e7\u00e3o e pensar que vem de fora, esquecendo-se que pode come\u00e7ar a constru\u00ed-la\u201d. O comentador n\u00e3o falava de religi\u00e3o. Falava, sim, da participa\u00e7\u00e3o na sociedade democr\u00e1tica.   <\/p>\n<p>J.P.F.<\/p>\n","protected":false},"excerpt":{"rendered":"<p>Nuno Rogeiro no CUFC<\/p>\n","protected":false},"author":1,"featured_media":0,"comment_status":"open","ping_status":"open","sticky":false,"template":"","format":"standard","meta":{"footnotes":""},"categories":[45],"tags":[],"class_list":["post-16373","post","type-post","status-publish","format-standard","hentry","category-regioes"],"_links":{"self":[{"href":"https:\/\/sites.ecclesia.pt\/cv\/wp-json\/wp\/v2\/posts\/16373","targetHints":{"allow":["GET"]}}],"collection":[{"href":"https:\/\/sites.ecclesia.pt\/cv\/wp-json\/wp\/v2\/posts"}],"about":[{"href":"https:\/\/sites.ecclesia.pt\/cv\/wp-json\/wp\/v2\/types\/post"}],"author":[{"embeddable":true,"href":"https:\/\/sites.ecclesia.pt\/cv\/wp-json\/wp\/v2\/users\/1"}],"replies":[{"embeddable":true,"href":"https:\/\/sites.ecclesia.pt\/cv\/wp-json\/wp\/v2\/comments?post=16373"}],"version-history":[{"count":0,"href":"https:\/\/sites.ecclesia.pt\/cv\/wp-json\/wp\/v2\/posts\/16373\/revisions"}],"wp:attachment":[{"href":"https:\/\/sites.ecclesia.pt\/cv\/wp-json\/wp\/v2\/media?parent=16373"}],"wp:term":[{"taxonomy":"category","embeddable":true,"href":"https:\/\/sites.ecclesia.pt\/cv\/wp-json\/wp\/v2\/categories?post=16373"},{"taxonomy":"post_tag","embeddable":true,"href":"https:\/\/sites.ecclesia.pt\/cv\/wp-json\/wp\/v2\/tags?post=16373"}],"curies":[{"name":"wp","href":"https:\/\/api.w.org\/{rel}","templated":true}]}}