{"id":16377,"date":"2006-04-03T14:44:00","date_gmt":"2006-04-03T14:44:00","guid":{"rendered":"http:\/\/localhost:81\/wp1\/?p=16377"},"modified":"2006-04-03T14:44:00","modified_gmt":"2006-04-03T14:44:00","slug":"o-sacramento-da-intimidade","status":"publish","type":"post","link":"https:\/\/sites.ecclesia.pt\/cv\/o-sacramento-da-intimidade\/","title":{"rendered":"O sacramento da Intimidade"},"content":{"rendered":"<p>A Eucaristia no meu cora\u00e7\u00e3o <!--more--> Se me pedissem para escolher um nome novo para o Sacramento da Eucaristia eu chamar-lhe-ia Sacramento da Intimidade.<\/p>\n<p>H\u00e1 dois mil anos, quando preparou a sua \u00faltima ceia, Jesus escolheu s\u00f3 doze convidados. Penso que n\u00e3o ser\u00e1 muito for\u00e7ado consideramos que se tratou de um \u201cjantar \u00edntimo\u201d.<\/p>\n<p>N\u00e3o se tratou de uma reuni\u00e3o dos \u201camigos ideais\u201d. Sabemos que, logo de seguida, um vendeu-O barato, outro fez-de-conta que n\u00e3o O conhecia e os outros sumiram todos. Mas eram aqueles com quem Jesus mais tinha convivido nos \u00faltimos anos, por conseguinte aqueles com quem possu\u00eda maior intimidade, aqueles que ainda n\u00e3o O conheciam verdadeiramente mas que pelo menos iam tentando. Foi a esses que Ele lavou os p\u00e9s e foi a esses que confiou a comemora\u00e7\u00e3o daquela \u201cnoite derradeira\u201d.<\/p>\n<p>Por isso \u00e9 que eu acredito que a Comunh\u00e3o n\u00e3o \u00e9 s\u00f3 para \u201csuper-santos\u201d nem para aqueles que se confessaram poucos minutos antes. Acredito que Jesus oferece o seu Corpo e o seu Sangue a todo o pecador que deseja conhec\u00ea-Lo em intimidade e assumir tudo o que isso implica na sua pr\u00f3pria vida.<\/p>\n<p>A Eucaristia \u00e9 o mais sens\u00edvel de todos os Sacramentos. Apoia-se em alimentos comuns ao quotidiano de quase toda a humanidade e \u00e9 por interm\u00e9dio desses alimentos que Jesus penetra em n\u00f3s da forma mais \u00edntima, fazendo-nos companheiros d\u2019Ele e de todos os outros comungantes.<\/p>\n<p>Ao aproximar-me da mesa da comunh\u00e3o procuro ter sempre presente que estou a sentar-me \u00e0 mesa com milh\u00f5es de Crist\u00e3os de todo mundo que, como eu, reconhecem Jesus Cristo naquele pedacito de P\u00e3o e, comungando, assumo um compromisso de estar em comunh\u00e3o com a Igreja e a colaborar na sua miss\u00e3o.<\/p>\n<p>O Sacramento da Eucaristia aprofunda a intimidade entre cada comungante e Jesus Cristo, compromete os crist\u00e3os a aprofundarem a intimidade entre si e compromete a Igreja aprofundar a intimidade com a humanidade.<\/p>\n<p>Sinto a honra de ser escolhido para aquele pequeno \u201cjantar \u00edntimo\u201d e a responsabilidade do disc\u00edpulo que tem em si a vida do Mestre. A comunh\u00e3o aproxima-me de Cristo, faz-me sentir membro de uma fam\u00edlia e obriga-me a olhar em volta, analisar os meus relacionamentos com os pr\u00f3ximos e com o mundo.<\/p>\n<p>E, fazendo balan\u00e7o, penso que ainda n\u00e3o O conhe\u00e7o como Ele gostaria que eu conhecesse, mas Ele sabe que continuo \u00e0 procura.<\/p>\n<p>Pedro Ferreira<\/p>\n","protected":false},"excerpt":{"rendered":"<p>A Eucaristia no meu cora\u00e7\u00e3o<\/p>\n","protected":false},"author":1,"featured_media":0,"comment_status":"open","ping_status":"open","sticky":false,"template":"","format":"standard","meta":{"footnotes":""},"categories":[41],"tags":[],"class_list":["post-16377","post","type-post","status-publish","format-standard","hentry","category-eucaristia"],"_links":{"self":[{"href":"https:\/\/sites.ecclesia.pt\/cv\/wp-json\/wp\/v2\/posts\/16377","targetHints":{"allow":["GET"]}}],"collection":[{"href":"https:\/\/sites.ecclesia.pt\/cv\/wp-json\/wp\/v2\/posts"}],"about":[{"href":"https:\/\/sites.ecclesia.pt\/cv\/wp-json\/wp\/v2\/types\/post"}],"author":[{"embeddable":true,"href":"https:\/\/sites.ecclesia.pt\/cv\/wp-json\/wp\/v2\/users\/1"}],"replies":[{"embeddable":true,"href":"https:\/\/sites.ecclesia.pt\/cv\/wp-json\/wp\/v2\/comments?post=16377"}],"version-history":[{"count":0,"href":"https:\/\/sites.ecclesia.pt\/cv\/wp-json\/wp\/v2\/posts\/16377\/revisions"}],"wp:attachment":[{"href":"https:\/\/sites.ecclesia.pt\/cv\/wp-json\/wp\/v2\/media?parent=16377"}],"wp:term":[{"taxonomy":"category","embeddable":true,"href":"https:\/\/sites.ecclesia.pt\/cv\/wp-json\/wp\/v2\/categories?post=16377"},{"taxonomy":"post_tag","embeddable":true,"href":"https:\/\/sites.ecclesia.pt\/cv\/wp-json\/wp\/v2\/tags?post=16377"}],"curies":[{"name":"wp","href":"https:\/\/api.w.org\/{rel}","templated":true}]}}