{"id":16378,"date":"2006-04-03T14:44:00","date_gmt":"2006-04-03T14:44:00","guid":{"rendered":"http:\/\/localhost:81\/wp1\/?p=16378"},"modified":"2006-04-03T14:44:00","modified_gmt":"2006-04-03T14:44:00","slug":"a-vida-sempre-foi-uma-maratona","status":"publish","type":"post","link":"https:\/\/sites.ecclesia.pt\/cv\/a-vida-sempre-foi-uma-maratona\/","title":{"rendered":"&#8220;A vida sempre foi uma maratona&#8221;"},"content":{"rendered":"<p>Carlos Lopes na Semana da Arte, no CUFC <!--more--> Carlos Lopes, o campe\u00e3o ol\u00edmpico, afirma que \u201ca vida \u00e9 uma maratona; sempre foi\u201d. Mas isso n\u00e3o significa que seja composta apenas de dificuldades, como a corrida dos 42 km. \u201cA vida tem coisas boas. Quando uma pessoa tem objectivos, at\u00e9 esquece que est\u00e1 a correr a maratona, porque consegue percorrer aquilo sem pensar no que est\u00e1 a fazer\u201d. Assim tamb\u00e9m na vida. \u201cO importante \u00e9 estar preparado para fazer isso, mentalmente, trabalhar imenso, corrigir os erros que for necess\u00e1rio ao longo do percurso\u201d. O campe\u00e3o da Maratona de Los Angeles (EUA, 1984) treinou dois anos e meio para essa prova e correu 12500 km (o suficiente para ir a Moscovo e voltar) antes dos 42 decisivos. Por isso, os seus conselhos, para quem quiser vencer em qualquer prova ou na vida, s\u00e3o \u201ccoragem, determina\u00e7\u00e3o, trabalho e acima de tudo muita paci\u00eancia\u201d.<\/p>\n<p>Carlos Lopes esteve no Centro Universit\u00e1rio F\u00e9 e Cultura (CUFC), num painel sobre \u201cDesporto, educa\u00e7\u00e3o e sa\u00fade\u201d que decorreu na quarta-feira, Dia do N\u00e3o Fumador. \u201cFelizmente nunca fumei\u201d, afirma Carlos Lopes, \u201cn\u00e3o posso falar disso, n\u00e3o sei o que isso \u00e9; mas posso dizer que, se os jovens pensam que fumar os torna mais homens, isso \u00e9 um grande erro\u201d. Com o Medalha de Ouro, moderados por H\u00e9lder Castanheira, da Universidade de Aveiro (UA), estiveram os alunos da UA, Jo\u00e3o Paulo, campe\u00e3o paral\u00edmpico de b\u00f3cia (Medalha de Outro em Atenas 2004), e Pedro, campe\u00e3o de nata\u00e7\u00e3o adaptada.<\/p>\n<p>A sess\u00e3o fazia parte da Semana da Arte, que, entre outros intervenientes, levou ao CUFC o comentador pol\u00edtico Nuno Rogeiro, Pe J\u00falio Franclim, v\u00e1rios artistas e Aveiro e cerca de tr\u00eas centenas de espectadores da comunidade universit\u00e1ria e aveirense.<\/p>\n<p>Alexandre Cruz, padre director do CUFC, fez ao Correio do Vouga um balan\u00e7o muito positivo desta semana que antecedeu a Semana Aberta da UA: \u201cFoi um bom di\u00e1logo de gera\u00e7\u00f5es, um bom complemento de reflex\u00e3o, debate, tradi\u00e7\u00e3o e cultura para a forma\u00e7\u00e3o da Universidade\u201d.<\/p>\n<p>\u201cAh grande Carlos Lopes!\u201d<\/p>\n<p>Sendo uma gl\u00f3ria nacional, Carlos Lopes mant\u00e9m uma simplicidade e proximidade que o tornam ainda maior. Enquanto falava com o jornalista do Correio do Vouga, n\u00e3o deixou de receber um abra\u00e7o esfuziante de Adelino Larangeira, oleiro que durante a Semana da Arte mostrou o seu talento aos jovens universit\u00e1rios. \u201cAh grande Carlos Lopes! Fez levantar a bandeira da nossa p\u00e1tria!\u201d, exclamou o oleiro, deixando espantados alguns jovens que estavam no \u201chall\u201d do Centro Universit\u00e1rio. Carlos Lopes recebeu os cumprimentos entusiasmados, ouviu o Sr Adelino e continuou a conversa com o CV sobre o esfor\u00e7o na maratona e na vida.<\/p>\n","protected":false},"excerpt":{"rendered":"<p>Carlos Lopes na Semana da Arte, no CUFC<\/p>\n","protected":false},"author":1,"featured_media":0,"comment_status":"open","ping_status":"open","sticky":false,"template":"","format":"standard","meta":{"footnotes":""},"categories":[70],"tags":[],"class_list":["post-16378","post","type-post","status-publish","format-standard","hentry","category-diocese"],"_links":{"self":[{"href":"https:\/\/sites.ecclesia.pt\/cv\/wp-json\/wp\/v2\/posts\/16378","targetHints":{"allow":["GET"]}}],"collection":[{"href":"https:\/\/sites.ecclesia.pt\/cv\/wp-json\/wp\/v2\/posts"}],"about":[{"href":"https:\/\/sites.ecclesia.pt\/cv\/wp-json\/wp\/v2\/types\/post"}],"author":[{"embeddable":true,"href":"https:\/\/sites.ecclesia.pt\/cv\/wp-json\/wp\/v2\/users\/1"}],"replies":[{"embeddable":true,"href":"https:\/\/sites.ecclesia.pt\/cv\/wp-json\/wp\/v2\/comments?post=16378"}],"version-history":[{"count":0,"href":"https:\/\/sites.ecclesia.pt\/cv\/wp-json\/wp\/v2\/posts\/16378\/revisions"}],"wp:attachment":[{"href":"https:\/\/sites.ecclesia.pt\/cv\/wp-json\/wp\/v2\/media?parent=16378"}],"wp:term":[{"taxonomy":"category","embeddable":true,"href":"https:\/\/sites.ecclesia.pt\/cv\/wp-json\/wp\/v2\/categories?post=16378"},{"taxonomy":"post_tag","embeddable":true,"href":"https:\/\/sites.ecclesia.pt\/cv\/wp-json\/wp\/v2\/tags?post=16378"}],"curies":[{"name":"wp","href":"https:\/\/api.w.org\/{rel}","templated":true}]}}