{"id":16379,"date":"2006-04-03T14:44:00","date_gmt":"2006-04-03T14:44:00","guid":{"rendered":"http:\/\/localhost:81\/wp1\/?p=16379"},"modified":"2006-04-03T14:44:00","modified_gmt":"2006-04-03T14:44:00","slug":"conselho-diocesano-de-pastoral-discute-correio-do-vouga-e-casos-de-baptismo-de-criancas","status":"publish","type":"post","link":"https:\/\/sites.ecclesia.pt\/cv\/conselho-diocesano-de-pastoral-discute-correio-do-vouga-e-casos-de-baptismo-de-criancas\/","title":{"rendered":"Conselho Diocesano de Pastoral discute Correio do Vouga e casos de baptismo de crian\u00e7as"},"content":{"rendered":"<p>O Conselho Diocesano de Pastoral (CDP), reunido no Semin\u00e1rio de Aveiro, na sexta-feira, debateu a situa\u00e7\u00e3o do Correio do Vouga e a quest\u00e3o dos baptismos de crian\u00e7as com os pais a viver em uni\u00e3o de facto ou em casamento civil. Sobre a primeira quest\u00e3o, o conselho, constitu\u00eddo por leigos\/as, sacerdotes e consagradas, saudou algumas mudan\u00e7as que se v\u00eam sentindo no jornal, mas sublinhou que estas t\u00eam de ser mais profundas. Em especial foi real\u00e7ada a necessidade de um novo grafismo, do aumento do n\u00famero de assinantes, da aten\u00e7\u00e3o ao que de significativo vai acontecendo na sociedade e da transmiss\u00e3o de uma imagem eclesial aberta, inclusiva, renovada e de comunh\u00e3o. Uns conselheiros afirmaram que o jornal devia trazer artigos mais pequenos, outros, que deviam ser de fundo e n\u00e3o t\u00e3o pressionados pela actualidade. Uns defendem que deve ser mais informativo, outros acham que na forma\u00e7\u00e3o \u00e9 que dever\u00e1 residir a personalidade de um jornal diocesano. Uns consideraram que o jornal devia estar mais atento \u00e0 realidade regional, outros que na realidade eclesial \u00e9 que est\u00e1 a sua identidade.<\/p>\n<p>Representando grupos ou em nome individual, os conselheiros transmitiram opini\u00f5es, por vezes contradit\u00f3-rias, reflectindo v\u00e1rias sensibilidades, mas que agora D. Ant\u00f3nio Marcelino e a equipa do jornal dever\u00e3o avaliar para p\u00f4r em pr\u00e1tica. Um dos conselheiros sugeriu: \u201cVem a\u00ed o Natal. Se n\u00e3o \u00e9 assinante, ofere\u00e7a uma prenda a si mesmo. Se j\u00e1 \u00e9, ofere\u00e7a uma  assinatura a uma pessoa amiga\u201d.<\/p>\n<p>\u201cBaptismos dif\u00edceis\u201d<\/p>\n<p>Cresce o n\u00famero de pais que chegam aos servi\u00e7os paroquiais com o desejo de baptizar o filho, mas est\u00e3o em uni\u00e3o de facto ou s\u00e3o casados apenas pelo civil. Este foi o ponto de partida para o segundo tema da noite. D. Ant\u00f3nio reafirmou que o Baptismo n\u00e3o pode ser negado a ningu\u00e9m. No entanto, as motiva\u00e7\u00f5es para baptizar as crian\u00e7as nem sempre s\u00e3o as mais v\u00e1lidas e a fam\u00edlia muitas vezes n\u00e3o oferece condi\u00e7\u00f5es de educa\u00e7\u00e3o crist\u00e3 das crian\u00e7as. Aconselha-se, por isso, o adiamento do baptismo para a idade escolar e o acompanhamento dos progenitores \u2013 o que nem sempre \u00e9 bem aceite pelos pais, levando-os, por exemplo, a procurar outra par\u00f3quia com diferente pr\u00e1tica, a amea\u00e7ar sair da Igreja Cat\u00f3lica ou simplesmente a esquecer o baptismo. Foi nesta nebulosa de quest\u00f5es, de um tempo em que, nas palavras do bispo de Aveiro, \u201ch\u00e1 um lastro de tradi\u00e7\u00e3o, mas a ades\u00e3o religiosa \u00e9 outra coisa\u201d, que os conselheiros afirmaram a necessidade de uma pr\u00e1tica pastoral acolhedora (\u201ca Igreja \u00e9 m\u00e3e\u201d) mas coerente em todas as par\u00f3quias da diocese e real\u00e7aram, por exemplo, o papel dos av\u00f3s como novos garantes da educa\u00e7\u00e3o crist\u00e3 das crian\u00e7as. Pode ser esse um dos novos caminhos para uma viv\u00eancia significativa do sacramento da filia\u00e7\u00e3o divina e da entrada na comunidade crist\u00e3.<\/p>\n<p>Ambos os assuntos, j\u00e1 analisados em conselho presbiteral \u2013 \u00f3rg\u00e3o composto exclusivamente por sacerdotes \u2013 foram agora enriquecidos com outras sensibilidades.<\/p>\n","protected":false},"excerpt":{"rendered":"<p>O Conselho Diocesano de Pastoral (CDP), reunido no Semin\u00e1rio de Aveiro, na sexta-feira, debateu a situa\u00e7\u00e3o do Correio do Vouga e a quest\u00e3o dos baptismos de crian\u00e7as com os pais a viver em uni\u00e3o de facto ou em casamento civil. Sobre a primeira quest\u00e3o, o conselho, constitu\u00eddo por leigos\/as, sacerdotes e consagradas, saudou algumas mudan\u00e7as [&hellip;]<\/p>\n","protected":false},"author":1,"featured_media":0,"comment_status":"open","ping_status":"open","sticky":false,"template":"","format":"standard","meta":{"footnotes":""},"categories":[70],"tags":[],"class_list":["post-16379","post","type-post","status-publish","format-standard","hentry","category-diocese"],"_links":{"self":[{"href":"https:\/\/sites.ecclesia.pt\/cv\/wp-json\/wp\/v2\/posts\/16379","targetHints":{"allow":["GET"]}}],"collection":[{"href":"https:\/\/sites.ecclesia.pt\/cv\/wp-json\/wp\/v2\/posts"}],"about":[{"href":"https:\/\/sites.ecclesia.pt\/cv\/wp-json\/wp\/v2\/types\/post"}],"author":[{"embeddable":true,"href":"https:\/\/sites.ecclesia.pt\/cv\/wp-json\/wp\/v2\/users\/1"}],"replies":[{"embeddable":true,"href":"https:\/\/sites.ecclesia.pt\/cv\/wp-json\/wp\/v2\/comments?post=16379"}],"version-history":[{"count":0,"href":"https:\/\/sites.ecclesia.pt\/cv\/wp-json\/wp\/v2\/posts\/16379\/revisions"}],"wp:attachment":[{"href":"https:\/\/sites.ecclesia.pt\/cv\/wp-json\/wp\/v2\/media?parent=16379"}],"wp:term":[{"taxonomy":"category","embeddable":true,"href":"https:\/\/sites.ecclesia.pt\/cv\/wp-json\/wp\/v2\/categories?post=16379"},{"taxonomy":"post_tag","embeddable":true,"href":"https:\/\/sites.ecclesia.pt\/cv\/wp-json\/wp\/v2\/tags?post=16379"}],"curies":[{"name":"wp","href":"https:\/\/api.w.org\/{rel}","templated":true}]}}