{"id":16380,"date":"2006-04-03T14:44:00","date_gmt":"2006-04-03T14:44:00","guid":{"rendered":"http:\/\/localhost:81\/wp1\/?p=16380"},"modified":"2006-04-03T14:44:00","modified_gmt":"2006-04-03T14:44:00","slug":"estarreja-lembra-o-conego-figueiredo","status":"publish","type":"post","link":"https:\/\/sites.ecclesia.pt\/cv\/estarreja-lembra-o-conego-figueiredo\/","title":{"rendered":"Estarreja lembra o C\u00f3nego Figueiredo"},"content":{"rendered":"<p>Semana Cultural e constitui\u00e7\u00e3o de funda\u00e7\u00e3o <!--more--> Ao passar o primeiro anivers\u00e1rio sobre a morte do c\u00f3nego Filipe de Figueiredo, sacerdote natural de Estarreja, mas que desenvolveu o seu trabalho na diocese de \u00c9vora, vai realizar-se uma Semana Cultural, entre os dia 28 de Novembro e 8 de Dezembro. O primeiro dia dessa semana, precisamente um ano depois da morte repentina do Pe Filipe de Figueiredo, ser\u00e1 marcado pela missa solene, com D. Ant\u00f3nio Marcelino e D. Maur\u00edlio Gouveia, na igreja de Bedu\u00eddo. \u00c0s 14h30 desse domingo, realiza-se a abertura oficial da Semana Cultural, pelo presidente da C\u00e2mara Municipal de Estarreja, Jos\u00e9 Eduardo de Matos.<\/p>\n<p>No dia 1 de Dezembro, abre uma exposi\u00e7\u00e3o evocativa da vida do C\u00f3nego, na Biblioteca Municipal de Estarreja, e realizam-se comunica\u00e7\u00f5es sobre a Pastoral dos Ciganos (por Francisco Mon-teiro) e a Comunica\u00e7\u00e3o Social (por Daniel Rodrigues), duas \u00e1reas a que o C\u00f3nego Figueiredo esteve muito ligado.<\/p>\n<p>No dia 4 de Dezembro, s\u00e1bado, \u00e0s 10h30, ser\u00e1 assinada a escritura p\u00fablica da Funda\u00e7\u00e3o C\u00f3nego Filipe de Figueiredo, nos Pa\u00e7os do Conselho, e ser\u00e3o proferidas duas comunica\u00e7\u00f5es sobre o esp\u00edrito da funda\u00e7\u00e3o. \u00c0 tarde, pelas 14h30, Jo\u00e3o Sim\u00e3o proferir\u00e1 uma confer\u00eancia sobre o envolvimento de Filipe Figueiredo na Fraternitas, uma associa\u00e7\u00e3o de padres que deixaram de desempenhar o sacerd\u00f3cio.<\/p>\n<p>O \u00faltimo dia da Semana Cultural, 8 de Dezembro, ser\u00e1 dedicado ao sacerd\u00f3cio do c\u00f3nego Filipe na diocese de \u00c9vora. Com in\u00edcio \u00e0s 14h30, na Biblioteca Municipal, ser\u00e1 abordado o seu papel enquanto director espiritual do Semin\u00e1rio de \u00c9vora, como p\u00e1roco de S. Br\u00e1s e como \u201csacerdote nas Casas de Ora\u00e7\u00e3o\u201d. A Semana encerra com um momento musical, \u00e0s 16h, dedicado a N\u00aa S\u00aa da Concei\u00e7\u00e3o, padroeira de Portugal, que se comemora nesse dia.<\/p>\n","protected":false},"excerpt":{"rendered":"<p>Semana Cultural e constitui\u00e7\u00e3o de funda\u00e7\u00e3o<\/p>\n","protected":false},"author":1,"featured_media":0,"comment_status":"open","ping_status":"open","sticky":false,"template":"","format":"standard","meta":{"footnotes":""},"categories":[70],"tags":[],"class_list":["post-16380","post","type-post","status-publish","format-standard","hentry","category-diocese"],"_links":{"self":[{"href":"https:\/\/sites.ecclesia.pt\/cv\/wp-json\/wp\/v2\/posts\/16380","targetHints":{"allow":["GET"]}}],"collection":[{"href":"https:\/\/sites.ecclesia.pt\/cv\/wp-json\/wp\/v2\/posts"}],"about":[{"href":"https:\/\/sites.ecclesia.pt\/cv\/wp-json\/wp\/v2\/types\/post"}],"author":[{"embeddable":true,"href":"https:\/\/sites.ecclesia.pt\/cv\/wp-json\/wp\/v2\/users\/1"}],"replies":[{"embeddable":true,"href":"https:\/\/sites.ecclesia.pt\/cv\/wp-json\/wp\/v2\/comments?post=16380"}],"version-history":[{"count":0,"href":"https:\/\/sites.ecclesia.pt\/cv\/wp-json\/wp\/v2\/posts\/16380\/revisions"}],"wp:attachment":[{"href":"https:\/\/sites.ecclesia.pt\/cv\/wp-json\/wp\/v2\/media?parent=16380"}],"wp:term":[{"taxonomy":"category","embeddable":true,"href":"https:\/\/sites.ecclesia.pt\/cv\/wp-json\/wp\/v2\/categories?post=16380"},{"taxonomy":"post_tag","embeddable":true,"href":"https:\/\/sites.ecclesia.pt\/cv\/wp-json\/wp\/v2\/tags?post=16380"}],"curies":[{"name":"wp","href":"https:\/\/api.w.org\/{rel}","templated":true}]}}